{"id":14917,"date":"2024-01-25T14:18:18","date_gmt":"2024-01-25T17:18:18","guid":{"rendered":"https:\/\/hostnetart.com.br\/baixada\/caixa-confirma-substituicoes-de-vps\/"},"modified":"2024-01-25T14:18:18","modified_gmt":"2024-01-25T17:18:18","slug":"caixa-confirma-substituicoes-de-vps","status":"publish","type":"post","link":"https:\/\/hostnetart.com.br\/baixada\/caixa-confirma-substituicoes-de-vps\/","title":{"rendered":"Caixa confirma substitui\u00e7\u00f5es de VPs"},"content":{"rendered":"<p><a href=\"https:\/\/contrafcut.com.br\/noticias\/mulheres-perdem-espaco-na-caixa\" target=\"_blank\" rel=\"noopener noreferrer\">Conforme antecipado<\/a>\u00a0pela Confedera\u00e7\u00e3o Nacional dos Trabalhadores do Ramo Financeiro (Contraf-CUT) na sexta-feira (19),\u00a0<a href=\"https:\/\/api.mziq.com\/mzfilemanager\/v2\/d\/fb86b0b8-b4e9-407b-a575-ba3668a566a9\/2ec124ec-6672-50ad-6923-0dbf0cc7733d?origin=1\" target=\"_blank\" rel=\"noopener noreferrer\">a Caixa Econ\u00f4mica Federal divulgou<\/a>, nesta quarta-feira (24), a troca de vice-presidentes, substituindo tr\u00eas mulheres por homens no alto escal\u00e3o do banco. Em outubro de 2023, j\u00e1 havia ocorrido a substitui\u00e7\u00e3o de Maria Rita Serrano por Carlos Ant\u00f4nio Vieira Fernandes na presid\u00eancia. Na ocasi\u00e3o, a Contraf-CUT j\u00e1 havia\u00a0<a href=\"https:\/\/contrafcut.com.br\/noticias\/muito-ruim-a-troca-de-uma-mulher-por-um-homem?swcfpc=1\" target=\"_blank\" rel=\"noopener noreferrer\">demonstrado seu desagrado<\/a>\u00a0com a substitui\u00e7\u00e3o de uma mulher por um homem no comando da Caixa e, antes disso, que o\u00a0<a href=\"https:\/\/contrafcut.com.br\/noticias\/contraf-cut-caixa-nao-pode-ser-usada-como-moeda-de-troca\" target=\"_blank\" rel=\"noopener noreferrer\">banco n\u00e3o pode ser moeda de troca<\/a>.<\/p>\n<p>\u201cUm dos grandes desafios da categoria, na quest\u00e3o da diversidade, \u00e9 o n\u00famero reduzido de mulheres nos cargos de lideran\u00e7a, cargos de gest\u00e3o. Ent\u00e3o, essas trocas representam um grande retrocesso\u201d, avaliou a secret\u00e1ria da Mulher da Contraf-CUT, Fernanda Lopes. \u201cNa categoria banc\u00e1ria, n\u00f3s mulheres, somos cerca de 50% do quadro, mas essa propor\u00e7\u00e3o n\u00e3o se reflete nos espa\u00e7os de cargos de ger\u00eancia e de comando das institui\u00e7\u00f5es\u201d, completou.<\/p>\n<p>Um levantamento do Departamento Intersindical de Estat\u00edstica e Estudos Socioecon\u00f4micos (Dieese), com base nos dados da Rela\u00e7\u00e3o Anual de Informa\u00e7\u00f5es Sociais (Rais), do Minist\u00e9rio do Trabalho, aponta que as mulheres, em 2021, representavam 48,4% do total da categoria banc\u00e1ria. No entanto, ocupavam apenas 46,5% dos cargos de lideran\u00e7a.<\/p>\n<h3><strong>Banco p\u00fablico<\/strong><\/h3>\n<p>A coordenadora da Comiss\u00e3o Executiva dos Empregados (CEE) da Caixa, Fabiana Uehara Proscholdt, a Fabi, se mostrou preocupada com a manuten\u00e7\u00e3o do car\u00e1ter p\u00fablico da Caixa, que mant\u00e9m sua responsabilidade com o atendimento da popula\u00e7\u00e3o e com o desenvolvimento social e econ\u00f4mico de todo o pa\u00eds.<\/p>\n<p>\u201cEsperamos que esta responsabilidade social e de desenvolvimento do pa\u00eds n\u00e3o seja afetada com as substitui\u00e7\u00f5es que est\u00e3o sendo realizadas na Caixa\u201d, disse a coordenadora da CEE. \u201cA Caixa \u00e9 p\u00fablica e assim deve permanecer, independente de quem assuma o controle do banco\u201d, completou.<\/p>\n<p>Fabi explicou que a Caixa tem responsabilidade com o atendimento de toda a popula\u00e7\u00e3o brasileira, mesmo nas localidades nas quais os bancos privados n\u00e3o t\u00eam interesse em atuar, alegando inviabilidade financeira de manter a opera\u00e7\u00e3o. \u201cA Caixa chega a manter unidades em barcos, para atender a popula\u00e7\u00e3o ribeirinha na regi\u00e3o Norte do pa\u00eds. Isso \u00e9 responsabilidade social, que apesar de ser obriga\u00e7\u00e3o de todos os bancos, mesmo dos privados, que funcionam sob concess\u00e3o p\u00fablica, \u00e9 respeitada apenas pelos bancos p\u00fablicos, como a Caixa\u201d, ressaltou Fabi.<\/p>\n<h3><strong>Cr\u00e9dito regional<\/strong><\/h3>\n<p>A coordenadora da CEE tamb\u00e9m ressaltou o importante papel de desenvolvimento regional mantido pela Caixa e os demais bancos p\u00fablicos. \u201cOs bancos p\u00fablicos, como a Caixa, disponibilizam cr\u00e9dito para todas as regi\u00f5es do pa\u00eds. Os bancos privados concentram sua atua\u00e7\u00e3o na regi\u00e3o Sudeste. S\u00f3 disponibilizam recursos para quem j\u00e1 tem dinheiro. Isso gera ainda mais concentra\u00e7\u00e3o de renda e o aumento da desigualdade no pa\u00eds\u201d, ressaltou.<\/p>\n<p>Um levantamento do Departamento Intersindical de Estat\u00edstica e Estudos Socioecon\u00f4micos (Dieese), com base em dados do Banco Central, aponta que, em junho de 2023, os bancos p\u00fablicos foram respons\u00e1veis por 40% do cr\u00e9dito ofertado no pa\u00eds. Na an\u00e1lise segmentada por regi\u00f5es, o levantamento aponta que, no mesmo m\u00eas, os bancos p\u00fablicos foram respons\u00e1veis por 51% do cr\u00e9dito ofertado na regi\u00e3o Norte; 52% na regi\u00e3o Centro-Oeste; 50% na regi\u00e3o Nordeste; 44% na regi\u00e3o Sul; e 39% na regi\u00e3o Sudeste.<\/p>\n<p><strong>Fonte: Contraf-CUT<\/strong><\/p>\n","protected":false},"excerpt":{"rendered":"<p>Conforme antecipado\u00a0pela Confedera\u00e7\u00e3o Nacional dos Trabalhadores do Ramo Financeiro (Contraf-CUT) na sexta-feira (19),\u00a0a Caixa Econ\u00f4mica Federal divulgou, nesta quarta-feira (24), a troca de vice-presidentes, substituindo tr\u00eas mulheres por homens no alto escal\u00e3o do banco. Em outubro de 2023, j\u00e1 havia ocorrido a substitui\u00e7\u00e3o de Maria Rita Serrano por Carlos Ant\u00f4nio Vieira Fernandes na presid\u00eancia. Na [&hellip;]<\/p>\n","protected":false},"author":2,"featured_media":14916,"comment_status":"","ping_status":"","sticky":false,"template":"","format":"standard","meta":{"footnotes":""},"categories":[3],"tags":[],"class_list":["post-14917","post","type-post","status-publish","format-standard","has-post-thumbnail","hentry","category-noticias"],"_links":{"self":[{"href":"https:\/\/hostnetart.com.br\/baixada\/wp-json\/wp\/v2\/posts\/14917","targetHints":{"allow":["GET"]}}],"collection":[{"href":"https:\/\/hostnetart.com.br\/baixada\/wp-json\/wp\/v2\/posts"}],"about":[{"href":"https:\/\/hostnetart.com.br\/baixada\/wp-json\/wp\/v2\/types\/post"}],"author":[{"embeddable":true,"href":"https:\/\/hostnetart.com.br\/baixada\/wp-json\/wp\/v2\/users\/2"}],"replies":[{"embeddable":true,"href":"https:\/\/hostnetart.com.br\/baixada\/wp-json\/wp\/v2\/comments?post=14917"}],"version-history":[{"count":0,"href":"https:\/\/hostnetart.com.br\/baixada\/wp-json\/wp\/v2\/posts\/14917\/revisions"}],"wp:featuredmedia":[{"embeddable":true,"href":"https:\/\/hostnetart.com.br\/baixada\/wp-json\/wp\/v2\/media\/14916"}],"wp:attachment":[{"href":"https:\/\/hostnetart.com.br\/baixada\/wp-json\/wp\/v2\/media?parent=14917"}],"wp:term":[{"taxonomy":"category","embeddable":true,"href":"https:\/\/hostnetart.com.br\/baixada\/wp-json\/wp\/v2\/categories?post=14917"},{"taxonomy":"post_tag","embeddable":true,"href":"https:\/\/hostnetart.com.br\/baixada\/wp-json\/wp\/v2\/tags?post=14917"}],"curies":[{"name":"wp","href":"https:\/\/api.w.org\/{rel}","templated":true}]}}