{"id":14915,"date":"2024-01-24T15:27:46","date_gmt":"2024-01-24T18:27:46","guid":{"rendered":"https:\/\/hostnetart.com.br\/baixada\/movimento-sindical-cobra-fim-da-sobrecarga-na-caixa\/"},"modified":"2024-01-24T15:27:46","modified_gmt":"2024-01-24T18:27:46","slug":"movimento-sindical-cobra-fim-da-sobrecarga-na-caixa","status":"publish","type":"post","link":"https:\/\/hostnetart.com.br\/baixada\/movimento-sindical-cobra-fim-da-sobrecarga-na-caixa\/","title":{"rendered":"Movimento Sindical cobra fim da sobrecarga na Caixa"},"content":{"rendered":"<p>O Movimento Sindical Banc\u00e1rio, atrav\u00e9s da\u00a0Confedera\u00e7\u00e3o Nacional dos Trabalhadores do Ramo Financeiro (Contraf-CUT) enviou, na \u00faltima ter\u00e7a-feira, 23), um of\u00edcio \u00e0 Caixa Econ\u00f4mica Federal cobrando que o concurso p\u00fablico, amplamente anunciado pela imprensa e pelo banco, contrate um n\u00famero maior de aprovados do que o que foi anunciado (4.000 novas vagas).<\/p>\n<p>No of\u00edcio, a Contraf-CUT afirma que \u201capesar de importante, 4.000 contrata\u00e7\u00f5es \u00e9 insuficiente para suprir as necessidades para acabar com a sobrecarga de trabalho, principalmente nas ag\u00eancias\u201d. A entidade de representa\u00e7\u00e3o nacional das empregadas e empregados do banco lembra que, \u201ccom os novos desligamentos que acontecer\u00e3o por causa do Programa de Demiss\u00e3o Volunt\u00e1ria, este n\u00famero se torna irris\u00f3rio.\u201d<\/p>\n<p>\u201cSolicitamos assim que, al\u00e9m das 4.000 que vem sendo anunciadas, haja contrata\u00e7\u00f5es suficientes para atingir o teto autorizado pela Secretaria de Coordena\u00e7\u00e3o das Estatais (Sest)\u201d.<\/p>\n<h3><strong>Sobrecarga \u00e9 adoecimento<\/strong><\/h3>\n<p>No of\u00edcio, a Contraf-CUT observa que \u201choje j\u00e1 existe sobrecarga de trabalho em todas as unidades do banco\u201d. \u201cCom o PDV, o quadro de trabalho pode reduzir ainda mais e isso pode piorar o adoecimento e o afastamento para tratamento de sa\u00fade, o que leva a mais uma redu\u00e7\u00e3o do quadro efetivo de trabalho e novo aumento da sobrecarga, criando um c\u00edrculo vicioso que prejudica n\u00e3o apenas os empregados e empregadas, mas toda a popula\u00e7\u00e3o brasileira, que precisa do atendimento da Caixa\u201d, observou a coordenadora da Comiss\u00e3o Executiva dos Empregados (CEE) da Caixa, Fabiana Uehara Proscholdt, a Fabi.<\/p>\n<p><strong>Fonte: Contraf-CUT<\/strong><\/p>\n","protected":false},"excerpt":{"rendered":"<p>O Movimento Sindical Banc\u00e1rio, atrav\u00e9s da\u00a0Confedera\u00e7\u00e3o Nacional dos Trabalhadores do Ramo Financeiro (Contraf-CUT) enviou, na \u00faltima ter\u00e7a-feira, 23), um of\u00edcio \u00e0 Caixa Econ\u00f4mica Federal cobrando que o concurso p\u00fablico, amplamente anunciado pela imprensa e pelo banco, contrate um n\u00famero maior de aprovados do que o que foi anunciado (4.000 novas vagas). No of\u00edcio, a Contraf-CUT [&hellip;]<\/p>\n","protected":false},"author":2,"featured_media":14914,"comment_status":"","ping_status":"","sticky":false,"template":"","format":"standard","meta":{"footnotes":""},"categories":[3],"tags":[],"class_list":["post-14915","post","type-post","status-publish","format-standard","has-post-thumbnail","hentry","category-noticias"],"_links":{"self":[{"href":"https:\/\/hostnetart.com.br\/baixada\/wp-json\/wp\/v2\/posts\/14915","targetHints":{"allow":["GET"]}}],"collection":[{"href":"https:\/\/hostnetart.com.br\/baixada\/wp-json\/wp\/v2\/posts"}],"about":[{"href":"https:\/\/hostnetart.com.br\/baixada\/wp-json\/wp\/v2\/types\/post"}],"author":[{"embeddable":true,"href":"https:\/\/hostnetart.com.br\/baixada\/wp-json\/wp\/v2\/users\/2"}],"replies":[{"embeddable":true,"href":"https:\/\/hostnetart.com.br\/baixada\/wp-json\/wp\/v2\/comments?post=14915"}],"version-history":[{"count":0,"href":"https:\/\/hostnetart.com.br\/baixada\/wp-json\/wp\/v2\/posts\/14915\/revisions"}],"wp:featuredmedia":[{"embeddable":true,"href":"https:\/\/hostnetart.com.br\/baixada\/wp-json\/wp\/v2\/media\/14914"}],"wp:attachment":[{"href":"https:\/\/hostnetart.com.br\/baixada\/wp-json\/wp\/v2\/media?parent=14915"}],"wp:term":[{"taxonomy":"category","embeddable":true,"href":"https:\/\/hostnetart.com.br\/baixada\/wp-json\/wp\/v2\/categories?post=14915"},{"taxonomy":"post_tag","embeddable":true,"href":"https:\/\/hostnetart.com.br\/baixada\/wp-json\/wp\/v2\/tags?post=14915"}],"curies":[{"name":"wp","href":"https:\/\/api.w.org\/{rel}","templated":true}]}}