{"id":14913,"date":"2024-01-24T15:26:17","date_gmt":"2024-01-24T18:26:17","guid":{"rendered":"https:\/\/hostnetart.com.br\/baixada\/caixa-empregados-tem-ate-sexta-feira-26-para-contestar-resultados-do-minha-trajetoria\/"},"modified":"2024-01-24T15:26:17","modified_gmt":"2024-01-24T18:26:17","slug":"caixa-empregados-tem-ate-sexta-feira-26-para-contestar-resultados-do-minha-trajetoria","status":"publish","type":"post","link":"https:\/\/hostnetart.com.br\/baixada\/caixa-empregados-tem-ate-sexta-feira-26-para-contestar-resultados-do-minha-trajetoria\/","title":{"rendered":"Caixa: Empregados tem at\u00e9 sexta-feira (26) para contestar resultados do \u201cMinha Trajet\u00f3ria\u201d"},"content":{"rendered":"<p>Em resposta \u00e0 representa\u00e7\u00e3o das empregadas e empregados, a Caixa Econ\u00f4mica Federal respondeu que conforme indicado pela \u201cCE DEPES\/SUTEM 0005\/\u201d, todos os empregados tem direito de contestar os resultados do Programa Minha Trajet\u00f3ria. O prazo para a apresenta\u00e7\u00e3o do recurso se encerra na sexta-feira, 26 de janeiro.<\/p>\n<p>Em sua resposta, a Caixa observa que, para apresentar o recurso, h\u00e1 a necessidade dos seguintes requisitos:<\/p>\n<ul>\n<li><em>A possibilidade de abertura de recurso refere-se a avalia\u00e7\u00e3o dos objetivos SMART;<\/em><\/li>\n<li><em>N\u00e3o \u00e9 poss\u00edvel abrir recurso da avalia\u00e7\u00e3o de compet\u00eancias;<\/em><\/li>\n<li><em>\u00c9 permitida a abertura de um recurso por empregado. Caso o empregado queira recorrer da avalia\u00e7\u00e3o de mais de um objetivo, essa op\u00e7\u00e3o pode ser escolhida no momento da abertura do recurso;<\/em><\/li>\n<li><em>Empregado deve contextualizar o ocorrido, justificando a solicita\u00e7\u00e3o e explicando o porqu\u00ea de a avalia\u00e7\u00e3o recebida n\u00e3o estar condizente com a entrega realizada;<\/em><\/li>\n<li><em>Para finalizar a abertura do recurso, o empregado deve necessariamente possuir evid\u00eancia que comprove a contesta\u00e7\u00e3o da avalia\u00e7\u00e3o recebida. Essa evid\u00eancia deve ser anexada no momento da abertura, em arquivo \u00fanico em formato PDF; e<\/em><\/li>\n<li><em>O recurso \u00e9 analisado por empregado ocupante de fun\u00e7\u00e3o gerencial, lotado na unidade imediatamente superior \u00e0 unidade de lota\u00e7\u00e3o administrativa do empregado que abre o recurso.<\/em><\/li>\n<\/ul>\n<p>\u201cAgradecemos o retorno da Caixa, mas questionamos a necessidade de o empregado \u2018possuir evid\u00eancia que comprove a contesta\u00e7\u00e3o da avalia\u00e7\u00e3o recebida\u2019 em PDF\u201d, disse a coordenadora da Comiss\u00e3o Executiva dos Empregados (CEE) da Caixa, Fabiana Uehara Proscholdt, a Fabi.<\/p>\n<p>Para Fabiana, esta exig\u00eancia n\u00e3o \u00e9 plaus\u00edvel, uma vez que os objetivos <em>smart<\/em> podem ser compostos por tarefas e metas subjetivas. \u201cNestas metas subjetivas, quando n\u00e3o h\u00e1 defini\u00e7\u00e3o dos m\u00e9todos de apura\u00e7\u00e3o dos resultados para comprova\u00e7\u00e3o de que o empregado se esfor\u00e7ou para o cumprimento das tarefas, como ele comprovar\u00e1, por meio de arquivo PDF, que ofertou um produto?\u201d, questionou.<\/p>\n<p>\u201cOutro exemplo s\u00e3o as metas relativas \u00e0 capta\u00e7\u00e3o de recursos. Nesses casos, como o empregado enviar\u00e1 extrato banc\u00e1rio do cliente comprovando a aplica\u00e7\u00e3o do recurso sem ferir a lei 13709\/2018 (LGPD)?\u201d, acrescentou a coordenadora da CEE.<\/p>\n<h3><strong>Isen\u00e7\u00e3o na reavalia\u00e7\u00e3o<\/strong><\/h3>\n<p>Em rela\u00e7\u00e3o ao \u00faltimo ponto da resposta da Caixa, a representa\u00e7\u00e3o dos empregados entende que as contesta\u00e7\u00f5es deveriam ser analisadas por empregados que n\u00e3o sejam vinculados \u00e0 superintend\u00eancia de onde partiram as contesta\u00e7\u00f5es. \u201cIsso proporciona maior isen\u00e7\u00e3o e lisura ao processo\u201d, disse Fabi.<\/p>\n<h3><strong>Mesa de negocia\u00e7\u00f5es<\/strong><\/h3>\n<p>A coordenadora da CEE lembrou ainda que, desde setembro, a representa\u00e7\u00e3o dos empregados vem solicitando uma <a href=\"https:\/\/contrafcut.com.br\/noticias\/caixa-contraf-cut-solicita-negociacao-sobre-o-minha-trajetoria\/\" target=\"_blank\" rel=\"noopener noreferrer\">mesa de negocia\u00e7\u00f5es para tratar sobre o \u201cMinha trajet\u00f3ria\u201d<\/a>. Na ocasi\u00e3o a Confedera\u00e7\u00e3o Nacional dos Trabalhadores do Ramo Financeiro (Contraf-CUT) lembrou que, ao implementar o \u201cMinha Trajet\u00f3ria\u201d o banco afirmou que a nova ferramenta seria \u201cuma virada de p\u00e1gina para corrigir os rumos que estavam estabelecidos na gest\u00e3o de pessoas\u201d e que o objetivo seria sanar problemas e orientar o desenvolvimento profissional dos empregados. Mas que, \u201centretanto, t\u00eam chegado diversas den\u00fancias nos sindicatos de que, apesar de ter mudado de nome, a ferramenta \u00e9 o mesmo GDP (programa de Gest\u00e3o de Desempenho de Pessoas) utilizado anteriormente, com os mesmos objetivos sendo impostos pelos gestores\u201d.<\/p>\n<p>\u201cJ\u00e1 t\u00ednhamos constatado diversos problemas no Minha Trajet\u00f3ria e, diversas vezes, solicitado uma mesa de negocia\u00e7\u00f5es para tratar sobre o tema. O banco n\u00e3o nos respondeu e agora estipula um prazo ex\u00edguo para que os empregados contestem os resultados\u201d, afirmou a coordenadora da CEE. \u201cAs empregadas e empregados n\u00e3o podem ser prejudicados pela aus\u00eancia de negocia\u00e7\u00f5es da parte do banco\u201d, completou Fabi ao refor\u00e7ar o pedido de negocia\u00e7\u00f5es.<\/p>\n<p><b>Fonte: Contraf-CUT<\/b><\/p>\n","protected":false},"excerpt":{"rendered":"<p>Em resposta \u00e0 representa\u00e7\u00e3o das empregadas e empregados, a Caixa Econ\u00f4mica Federal respondeu que conforme indicado pela \u201cCE DEPES\/SUTEM 0005\/\u201d, todos os empregados tem direito de contestar os resultados do Programa Minha Trajet\u00f3ria. O prazo para a apresenta\u00e7\u00e3o do recurso se encerra na sexta-feira, 26 de janeiro. Em sua resposta, a Caixa observa que, para [&hellip;]<\/p>\n","protected":false},"author":2,"featured_media":14912,"comment_status":"","ping_status":"","sticky":false,"template":"","format":"standard","meta":{"footnotes":""},"categories":[3],"tags":[],"class_list":["post-14913","post","type-post","status-publish","format-standard","has-post-thumbnail","hentry","category-noticias"],"_links":{"self":[{"href":"https:\/\/hostnetart.com.br\/baixada\/wp-json\/wp\/v2\/posts\/14913","targetHints":{"allow":["GET"]}}],"collection":[{"href":"https:\/\/hostnetart.com.br\/baixada\/wp-json\/wp\/v2\/posts"}],"about":[{"href":"https:\/\/hostnetart.com.br\/baixada\/wp-json\/wp\/v2\/types\/post"}],"author":[{"embeddable":true,"href":"https:\/\/hostnetart.com.br\/baixada\/wp-json\/wp\/v2\/users\/2"}],"replies":[{"embeddable":true,"href":"https:\/\/hostnetart.com.br\/baixada\/wp-json\/wp\/v2\/comments?post=14913"}],"version-history":[{"count":0,"href":"https:\/\/hostnetart.com.br\/baixada\/wp-json\/wp\/v2\/posts\/14913\/revisions"}],"wp:featuredmedia":[{"embeddable":true,"href":"https:\/\/hostnetart.com.br\/baixada\/wp-json\/wp\/v2\/media\/14912"}],"wp:attachment":[{"href":"https:\/\/hostnetart.com.br\/baixada\/wp-json\/wp\/v2\/media?parent=14913"}],"wp:term":[{"taxonomy":"category","embeddable":true,"href":"https:\/\/hostnetart.com.br\/baixada\/wp-json\/wp\/v2\/categories?post=14913"},{"taxonomy":"post_tag","embeddable":true,"href":"https:\/\/hostnetart.com.br\/baixada\/wp-json\/wp\/v2\/tags?post=14913"}],"curies":[{"name":"wp","href":"https:\/\/api.w.org\/{rel}","templated":true}]}}