{"id":14909,"date":"2024-01-22T17:32:37","date_gmt":"2024-01-22T20:32:37","guid":{"rendered":"https:\/\/hostnetart.com.br\/baixada\/pastor-escravagista-nao-vira-mais-ao-brasil\/"},"modified":"2024-01-22T17:32:37","modified_gmt":"2024-01-22T20:32:37","slug":"pastor-escravagista-nao-vira-mais-ao-brasil","status":"publish","type":"post","link":"https:\/\/hostnetart.com.br\/baixada\/pastor-escravagista-nao-vira-mais-ao-brasil\/","title":{"rendered":"Pastor escravagista n\u00e3o vir\u00e1 mais ao Brasil"},"content":{"rendered":"<p>O pastor evang\u00e9lico norte-americano Douglas Wilson, autor de dois livros que defendem que a escraviza\u00e7\u00e3o de negros e negras por crist\u00e3os \u00e9 autorizada na B\u00edblia, n\u00e3o vir\u00e1 mais ao congresso Consci\u00eancia Crist\u00e3, que ocorre durante o Carnaval, em Campina Grande, na Para\u00edba.<\/p>\n<p>A vinda do escravagista ao Brasil foi cancelada ap\u00f3s publica\u00e7\u00e3o de reportagem sobre sua presen\u00e7a no evento, pelo site de jornalismo investigativo\u00a0<a href=\"https:\/\/www.intercept.com.br\/2024\/01\/16\/congresso-evangelico-consciencia-crista-trara-pastor-douglas-wilson-defensor-da-escravidao\/\" target=\"_blank\" rel=\"noopener noreferrer\">Intercept<\/a><a href=\"https:\/\/www.intercept.com.br\/2024\/01\/16\/congresso-evangelico-consciencia-crista-trara-pastor-douglas-wilson-defensor-da-escravidao\/\">\u00a0Brasil<\/a>, em 16 de janeiro. O an\u00fancio foi feito pela associa\u00e7\u00e3o conservadora Vis\u00e3o Nacional para a Consci\u00eancia Crist\u00e3, respons\u00e1vel pelo congresso, por causa de \u201cpol\u00eamicas levantadas por interpreta\u00e7\u00f5es de falas sobre o tema sens\u00edvel da escravid\u00e3o\u201d.<\/p>\n<p>Wilson, l\u00edder da Igreja de Cristo, em franco crescimento nos Estados Unidos, \u00e9 um te\u00f3logo fundamentalista, autor de dois livros que defendem a escraviza\u00e7\u00e3o de pessoas negras por crist\u00e3os. Essas publica\u00e7\u00f5es j\u00e1 exercem grande influ\u00eancia na extrema direita brasileira.<\/p>\n<p>Ele \u00e9 um dos articuladores do \u201cnacionalismo crist\u00e3o\u201d, organiza\u00e7\u00e3o vista como s\u00e9ria amea\u00e7a \u00e0 democracia, que atuou na invas\u00e3o do Capit\u00f3lio, em 6 de janeiro de 2022, para tentar impedir a posse de Joe Biden, que havia derrotado o ultraconservador Donald Trump nas elei\u00e7\u00f5es.<\/p>\n<p>Como pontua o secret\u00e1rio de Combate ao Racismo da Confedera\u00e7\u00e3o Nacional dos Trabalhadores do Ramos Financeiro (Contraf-CUT), Almir Aguiar, \u201ctanto a Constitui\u00e7\u00e3o como o C\u00f3digo Penal vetam escravid\u00e3o no Brasil, ent\u00e3o as palavras desse pastor s\u00e3o ilegais aqui\u201d. Racismo \u00e9 crime imprescrit\u00edvel, com pena de dois a cinco anos de pris\u00e3o.<\/p>\n<p>O secret\u00e1rio tamb\u00e9m avalia que \u201ca presen\u00e7a desse pastor em um evento religioso no Brasil seria uma afronta \u00e0 sociedade como um todo, pois al\u00e9m do atraso mental que o leva a defender esse disparate, n\u00f3s, negros e negras, compomos 57% da popula\u00e7\u00e3o brasileira\u201d.<\/p>\n<p>V\u00e1rias entidades, como a Contraf-CUT e o Instituto de Pesquisas das Culturas Negras (IPCN) se mobilizaram para impedir a vinda do escravagista, al\u00e9m de forte press\u00e3o dos movimentos negros, iniciada logo que a mat\u00e9ria do Intercept foi publicada. \u201cEsse pastor ataca todos os direitos humanos, e o Brasil est\u00e1 buscando voltar \u00e0 normalidade, que inclui o bom di\u00e1logo inter-religioso; por isso esse pastor n\u00e3o tem espa\u00e7o para pregar o \u00f3dio por aqui\u201d, conclui Almir.<\/p>\n<p><strong>Fonte: Contraf-CUT<\/strong><\/p>\n","protected":false},"excerpt":{"rendered":"<p>O pastor evang\u00e9lico norte-americano Douglas Wilson, autor de dois livros que defendem que a escraviza\u00e7\u00e3o de negros e negras por crist\u00e3os \u00e9 autorizada na B\u00edblia, n\u00e3o vir\u00e1 mais ao congresso Consci\u00eancia Crist\u00e3, que ocorre durante o Carnaval, em Campina Grande, na Para\u00edba. A vinda do escravagista ao Brasil foi cancelada ap\u00f3s publica\u00e7\u00e3o de reportagem sobre [&hellip;]<\/p>\n","protected":false},"author":2,"featured_media":14908,"comment_status":"","ping_status":"","sticky":false,"template":"","format":"standard","meta":{"footnotes":""},"categories":[3],"tags":[],"class_list":["post-14909","post","type-post","status-publish","format-standard","has-post-thumbnail","hentry","category-noticias"],"_links":{"self":[{"href":"https:\/\/hostnetart.com.br\/baixada\/wp-json\/wp\/v2\/posts\/14909","targetHints":{"allow":["GET"]}}],"collection":[{"href":"https:\/\/hostnetart.com.br\/baixada\/wp-json\/wp\/v2\/posts"}],"about":[{"href":"https:\/\/hostnetart.com.br\/baixada\/wp-json\/wp\/v2\/types\/post"}],"author":[{"embeddable":true,"href":"https:\/\/hostnetart.com.br\/baixada\/wp-json\/wp\/v2\/users\/2"}],"replies":[{"embeddable":true,"href":"https:\/\/hostnetart.com.br\/baixada\/wp-json\/wp\/v2\/comments?post=14909"}],"version-history":[{"count":0,"href":"https:\/\/hostnetart.com.br\/baixada\/wp-json\/wp\/v2\/posts\/14909\/revisions"}],"wp:featuredmedia":[{"embeddable":true,"href":"https:\/\/hostnetart.com.br\/baixada\/wp-json\/wp\/v2\/media\/14908"}],"wp:attachment":[{"href":"https:\/\/hostnetart.com.br\/baixada\/wp-json\/wp\/v2\/media?parent=14909"}],"wp:term":[{"taxonomy":"category","embeddable":true,"href":"https:\/\/hostnetart.com.br\/baixada\/wp-json\/wp\/v2\/categories?post=14909"},{"taxonomy":"post_tag","embeddable":true,"href":"https:\/\/hostnetart.com.br\/baixada\/wp-json\/wp\/v2\/tags?post=14909"}],"curies":[{"name":"wp","href":"https:\/\/api.w.org\/{rel}","templated":true}]}}