{"id":14905,"date":"2024-01-22T13:51:26","date_gmt":"2024-01-22T16:51:26","guid":{"rendered":"https:\/\/hostnetart.com.br\/baixada\/24-de-janeiro-dia-da-aposentada-e-do-aposentado\/"},"modified":"2024-01-22T13:51:26","modified_gmt":"2024-01-22T16:51:26","slug":"24-de-janeiro-dia-da-aposentada-e-do-aposentado","status":"publish","type":"post","link":"https:\/\/hostnetart.com.br\/baixada\/24-de-janeiro-dia-da-aposentada-e-do-aposentado\/","title":{"rendered":"24 de Janeiro \u2013 Dia da aposentada e do aposentado"},"content":{"rendered":"<p>No dia 24 de janeiro, comemora-se o Dia Nacional do Aposentado, institu\u00eddo pela Lei 6.926, de 30 de julho de 1981<\/p>\n<p>A Federa\u00e7\u00e3o dos Trabalhadores do Ramo Financeiro dos Estados do Rio de Janeiro e Esp\u00edrito Santo (Fetraf RJ\/ES) parabeniza todas as banc\u00e1rias e os banc\u00e1rios aposentados.<\/p>\n<p>Em 2023 foi dado um passo significativo para a organiza\u00e7\u00e3o deste importante segmento da categoria: a cria\u00e7\u00e3o, atrav\u00e9s da Confedera\u00e7\u00e3o Nacional dos Trabalhadores do Ramo Financeiro (Contraf-CUT), da Comiss\u00e3o Nacional dos Aposentados, que teve sua primeira reuni\u00e3o nos dias 13 e 14 de novembro de 2023, em S\u00e3o Paulo.<\/p>\n<p>A reuni\u00e3o contou com a participa\u00e7\u00e3o de representantes de diversas Federa\u00e7\u00f5es e Sindicatos do pa\u00eds.<\/p>\n<p>Do rico debate, surgiram propostas a serem implementadas pela Confedera\u00e7\u00e3o, Federa\u00e7\u00e3o e pelos Sindicatos que visam organizar, representar e defender as banc\u00e1rias e banc\u00e1rios aposentados.<\/p>\n<p>\u201cEsse, com certeza, \u00e9 um desafio que iremos enfrentar e vencer, porque da luta n\u00e3o nos aposentamos.\u201d, declarou Jorge Valverde, do Sindicato dos Banc\u00e1rios de Angra dos Reis e Regi\u00e3o.<\/p>\n<p>Jorge e Rita Lima, do Sindicato dos Banc\u00e1rios do Esp\u00edrito Santo, s\u00e3o os representantes da Fetraf RJ\/ES na Comiss\u00e3o.<\/p>\n<p><strong>Fonte: Fetraf RJ\/ES<\/strong><\/p>\n","protected":false},"excerpt":{"rendered":"<p>No dia 24 de janeiro, comemora-se o Dia Nacional do Aposentado, institu\u00eddo pela Lei 6.926, de 30 de julho de 1981 A Federa\u00e7\u00e3o dos Trabalhadores do Ramo Financeiro dos Estados do Rio de Janeiro e Esp\u00edrito Santo (Fetraf RJ\/ES) parabeniza todas as banc\u00e1rias e os banc\u00e1rios aposentados. Em 2023 foi dado um passo significativo para [&hellip;]<\/p>\n","protected":false},"author":2,"featured_media":14904,"comment_status":"","ping_status":"","sticky":false,"template":"","format":"standard","meta":{"footnotes":""},"categories":[3],"tags":[],"class_list":["post-14905","post","type-post","status-publish","format-standard","has-post-thumbnail","hentry","category-noticias"],"_links":{"self":[{"href":"https:\/\/hostnetart.com.br\/baixada\/wp-json\/wp\/v2\/posts\/14905","targetHints":{"allow":["GET"]}}],"collection":[{"href":"https:\/\/hostnetart.com.br\/baixada\/wp-json\/wp\/v2\/posts"}],"about":[{"href":"https:\/\/hostnetart.com.br\/baixada\/wp-json\/wp\/v2\/types\/post"}],"author":[{"embeddable":true,"href":"https:\/\/hostnetart.com.br\/baixada\/wp-json\/wp\/v2\/users\/2"}],"replies":[{"embeddable":true,"href":"https:\/\/hostnetart.com.br\/baixada\/wp-json\/wp\/v2\/comments?post=14905"}],"version-history":[{"count":0,"href":"https:\/\/hostnetart.com.br\/baixada\/wp-json\/wp\/v2\/posts\/14905\/revisions"}],"wp:featuredmedia":[{"embeddable":true,"href":"https:\/\/hostnetart.com.br\/baixada\/wp-json\/wp\/v2\/media\/14904"}],"wp:attachment":[{"href":"https:\/\/hostnetart.com.br\/baixada\/wp-json\/wp\/v2\/media?parent=14905"}],"wp:term":[{"taxonomy":"category","embeddable":true,"href":"https:\/\/hostnetart.com.br\/baixada\/wp-json\/wp\/v2\/categories?post=14905"},{"taxonomy":"post_tag","embeddable":true,"href":"https:\/\/hostnetart.com.br\/baixada\/wp-json\/wp\/v2\/tags?post=14905"}],"curies":[{"name":"wp","href":"https:\/\/api.w.org\/{rel}","templated":true}]}}