{"id":14897,"date":"2024-01-19T15:00:48","date_gmt":"2024-01-19T18:00:48","guid":{"rendered":"https:\/\/hostnetart.com.br\/baixada\/mulheres-perdem-espaco-na-caixa\/"},"modified":"2024-01-19T15:00:48","modified_gmt":"2024-01-19T18:00:48","slug":"mulheres-perdem-espaco-na-caixa","status":"publish","type":"post","link":"https:\/\/hostnetart.com.br\/baixada\/mulheres-perdem-espaco-na-caixa\/","title":{"rendered":"Mulheres perdem espa\u00e7o na Caixa"},"content":{"rendered":"<p>Depois da substitui\u00e7\u00e3o de Maria Rita Serrano por Carlos Ant\u00f4nio Vieira Fernandes, na presid\u00eancia da Caixa Econ\u00f4mica Federal, em outubro de 2023, rumores indicam que, pelo menos, outras tr\u00eas mulheres ser\u00e3o substitu\u00eddas por homens no alto escal\u00e3o do banco.<\/p>\n<p>Na ocasi\u00e3o da substitui\u00e7\u00e3o de Rita por Carlos Vieira, a Confedera\u00e7\u00e3o Nacional dos Trabalhadores do Ramo Financeiro (Contraf-CUT) j\u00e1 havia <a href=\"https:\/\/contrafcut.com.br\/noticias\/muito-ruim-a-troca-de-uma-mulher-por-um-homem\" target=\"_blank\" rel=\"noopener noreferrer\">demonstrado seu desagrado<\/a>com a substitui\u00e7\u00e3o de uma mulher por um homem.<\/p>\n<p>\u201cUm dos grandes desafios da categoria, na quest\u00e3o diversidade, \u00e9 o n\u00famero reduzido de mulheres nos cargos de lideran\u00e7a, cargos de gest\u00e3o. Ent\u00e3o, essas trocas representam um grande retrocesso\u201d, avaliou a secret\u00e1ria da Mulher da Confedera\u00e7\u00e3o Nacional dos Trabalhadores do Ramo Financeiro (Contraf-CUT), Fernanda Lopes. \u201cNa categoria banc\u00e1ria, n\u00f3s mulheres, somos cerca de 50% do quadro, mas essa propor\u00e7\u00e3o n\u00e3o se reflete nos espa\u00e7os de cargos de ger\u00eancia e de comando das institui\u00e7\u00f5es\u201d, completou.<\/p>\n<p>Um levantamento do Departamento Intersindical de Estat\u00edstica e Estudos Socioecon\u00f4micos (Dieese), com base nos dados da Rela\u00e7\u00e3o Anual de Informa\u00e7\u00f5es Sociais (Rais), do Minist\u00e9rio do Trabalho, aponta que as mulheres, em 2021, representavam 48,4% do total da categoria banc\u00e1ria. No entanto, ocupavam apenas 46,5% dos cargos de lideran\u00e7a.<\/p>\n<h3><strong>S\u00f3 homens<\/strong><\/h3>\n<p>As nomea\u00e7\u00f5es para as vice-presid\u00eancias do banco ainda n\u00e3o s\u00e3o oficiais, mas os rumores apontam que sete homens ser\u00e3o nomeados. Nenhuma mulher. \u201cE, destes sete, o que se diz \u00e9 que tr\u00eas substituir\u00e3o mulheres\u201d, observou a coordenadora da Comiss\u00e3o Executiva dos Empregados (CEE) da Caixa, Fabiana Uehara Proscholdt. \u201cN\u00e3o queremos rever o preconceito de g\u00eanero que havia no governo anterior. Vimos <a href=\"https:\/\/contrafcut.com.br\/noticias\/acusado-de-assedio-sexual-pedro-guimaraes-pede-demissao\" target=\"_blank\" rel=\"noopener noreferrer\">onde foi parar este preconceito<\/a>: no desprezo pelo trabalho das mulheres e no ass\u00e9dio moral e sexual. Vimos esta p\u00e1gina sendo virada na gest\u00e3o Rita Serrano e queremos que continue da mesma forma! X\u00f4 preconceito! X\u00f4 Ass\u00e9dio!\u201d, completou.<\/p>\n<p>Os rumores se fortalecem com publica\u00e7\u00e3o, nesta sexta-feira (19), de uma nota na <a href=\"https:\/\/www.metropoles.com\/colunas\/igor-gadelha\/planalto-centrao-caixa-pl\" target=\"_blank\" rel=\"noopener noreferrer\">coluna do Igor Gadelha<\/a>, no Metr\u00f3poles.<\/p>\n<p><strong>Veja abaixo a lista dos nomes que devem ser nomeados:<\/strong><\/p>\n<ul>\n<li>Laercio Roberto Lemos de Souza, para a vice-presid\u00eancia de Tecnologia e Digital, em substitui\u00e7\u00e3o \u00e0 Adriana Salgueiro;<\/li>\n<li>Marcelo Campos Prata, para a vice-presid\u00eancia de Log\u00edstica, em substitui\u00e7\u00e3o \u00e0 M\u00f4nica Monteiro;<\/li>\n<li>Pedro Erm\u00edrio de Almeida Freitas Filho, para vice-presid\u00eancia de Agente Operador, em substitui\u00e7\u00e3o \u00e0 Luc\u00edola Vasconcelos.<\/li>\n<li>Adriano Assis Matias, para a vice-presid\u00eancia de Rede de Varejo;<\/li>\n<li>Francisco Eg\u00eddio Pelucio Martins, para a vice-presid\u00eancia de Pessoas;<\/li>\n<li>Paulo Rodrigo de Lemos Lopes, para a vice-presid\u00eancia de Neg\u00f3cios de Varejo;<\/li>\n<li>Tarso Duarte de Tassis, para a vice-presid\u00eancia de Atacado.<\/li>\n<\/ul>\n<p><b>Fonte: Contraf-CUT<\/b><\/p>\n","protected":false},"excerpt":{"rendered":"<p>Depois da substitui\u00e7\u00e3o de Maria Rita Serrano por Carlos Ant\u00f4nio Vieira Fernandes, na presid\u00eancia da Caixa Econ\u00f4mica Federal, em outubro de 2023, rumores indicam que, pelo menos, outras tr\u00eas mulheres ser\u00e3o substitu\u00eddas por homens no alto escal\u00e3o do banco. Na ocasi\u00e3o da substitui\u00e7\u00e3o de Rita por Carlos Vieira, a Confedera\u00e7\u00e3o Nacional dos Trabalhadores do Ramo [&hellip;]<\/p>\n","protected":false},"author":2,"featured_media":14896,"comment_status":"","ping_status":"","sticky":false,"template":"","format":"standard","meta":{"footnotes":""},"categories":[3],"tags":[],"class_list":["post-14897","post","type-post","status-publish","format-standard","has-post-thumbnail","hentry","category-noticias"],"_links":{"self":[{"href":"https:\/\/hostnetart.com.br\/baixada\/wp-json\/wp\/v2\/posts\/14897","targetHints":{"allow":["GET"]}}],"collection":[{"href":"https:\/\/hostnetart.com.br\/baixada\/wp-json\/wp\/v2\/posts"}],"about":[{"href":"https:\/\/hostnetart.com.br\/baixada\/wp-json\/wp\/v2\/types\/post"}],"author":[{"embeddable":true,"href":"https:\/\/hostnetart.com.br\/baixada\/wp-json\/wp\/v2\/users\/2"}],"replies":[{"embeddable":true,"href":"https:\/\/hostnetart.com.br\/baixada\/wp-json\/wp\/v2\/comments?post=14897"}],"version-history":[{"count":0,"href":"https:\/\/hostnetart.com.br\/baixada\/wp-json\/wp\/v2\/posts\/14897\/revisions"}],"wp:featuredmedia":[{"embeddable":true,"href":"https:\/\/hostnetart.com.br\/baixada\/wp-json\/wp\/v2\/media\/14896"}],"wp:attachment":[{"href":"https:\/\/hostnetart.com.br\/baixada\/wp-json\/wp\/v2\/media?parent=14897"}],"wp:term":[{"taxonomy":"category","embeddable":true,"href":"https:\/\/hostnetart.com.br\/baixada\/wp-json\/wp\/v2\/categories?post=14897"},{"taxonomy":"post_tag","embeddable":true,"href":"https:\/\/hostnetart.com.br\/baixada\/wp-json\/wp\/v2\/tags?post=14897"}],"curies":[{"name":"wp","href":"https:\/\/api.w.org\/{rel}","templated":true}]}}