{"id":14895,"date":"2024-01-19T15:00:04","date_gmt":"2024-01-19T18:00:04","guid":{"rendered":"https:\/\/hostnetart.com.br\/baixada\/concentracao-de-renda-aumenta-em-todo-o-mundo\/"},"modified":"2024-01-19T15:00:04","modified_gmt":"2024-01-19T18:00:04","slug":"concentracao-de-renda-aumenta-em-todo-o-mundo","status":"publish","type":"post","link":"https:\/\/hostnetart.com.br\/baixada\/concentracao-de-renda-aumenta-em-todo-o-mundo\/","title":{"rendered":"Concentra\u00e7\u00e3o de renda aumenta em todo o mundo"},"content":{"rendered":"<p>A fortuna dos cinco homens mais ricos do mundo mais que dobrou desde 2020 \u2013de US$ 405 bilh\u00f5es para US$ 869 bilh\u00f5es\u2013, ao mesmo tempo em que as quase cinco bilh\u00f5es de pessoas mais pobres ficaram ainda mais pobres. \u00c9 o que revela o novo <a href=\"https:\/\/contrafcut.com.br\/wp-content\/uploads\/2024\/01\/relatorio-oxfam-desigualdade.pdf\" target=\"_blank\" rel=\"noopener noreferrer\">relat\u00f3rio Desigualdade S.A.<\/a>, da Oxfam, divulgado na segunda-feira (15\/1). O relat\u00f3rio mostra tamb\u00e9m que, no passo que as coisas andam, o mundo ter\u00e1 seu primeiro trilion\u00e1rio em uma d\u00e9cada, sem que a pobreza acabe. Para que esta seja erradicada seriam necess\u00e1rios 229 anos.<\/p>\n<p>Outro dado alarmante apontado pelo relat\u00f3rio da Oxfam \u00e9 que sete das 10 maiores corpora\u00e7\u00f5es do mundo t\u00eam um bilion\u00e1rio como principal acionista, ou CEO (<em>Chief Executive Officer<\/em>), cargo equivalente a Diretor Executivo. E que estas empresas t\u00eam valor avaliado em US$ 10,2 trilh\u00f5es, mais do que a soma do PIB de todos os pa\u00edses da \u00c1frica e da Am\u00e9rica Latina.<\/p>\n<p>\u201cOs super-ricos concentram cada vez mais riqueza e poder. Isso agrava as desigualdades globais de maneira absurda\u201d, <a href=\"https:\/\/www.oxfam.org.br\/noticias\/os-cinco-homens-mais-ricos-do-mundo-dobraram-suas-fortunas-desde-2020-enquanto-cinco-bilhoes-de-pessoas-ficaram-mais-pobres\/\" target=\"_blank\" rel=\"noopener noreferrer\">disse a diretora executiva da Oxfam Brasil<\/a>, Katia Maia, para quem a concentra\u00e7\u00e3o de renda prejudica a democracia e a execu\u00e7\u00e3o de pol\u00edticas p\u00fablicas para atender as pessoas mais pobres. \u201cAs empresas est\u00e3o canalizando o poder e a maior parte da riqueza gerada no mundo para uma \u00ednfima parcela da popula\u00e7\u00e3o, que j\u00e1 \u00e9 super-rica\u201d, disse.<\/p>\n<h3><strong>#TributarOsSuperRicos<\/strong><\/h3>\n<p>Para o secret\u00e1rio de Assuntos Socioecon\u00f4micos da Confedera\u00e7\u00e3o Nacional dos Trabalhadores do Ramo Financeiro (Contraf-CUT), Walcir Previtale, \u201ca desigualdade, em termos mundiais, \u00e9 absurda! S\u00e3o necess\u00e1rias cinco bilh\u00f5es de pessoas para dar sustenta\u00e7\u00e3o \u00e0 drenagem da riqueza, que \u00e9 produzida socialmente, para alguns pouco multibilion\u00e1rios\u201d.<\/p>\n<p>Walcir ressalta que a concentra\u00e7\u00e3o de renda explodiu no mundo inteiro, mas que no Brasil a coisa ainda \u00e9 mais grave. Os dados apontam que 50% dos ativos globais est\u00e3o nas m\u00e3os de 1% da popula\u00e7\u00e3o. No Brasil, esta concentra\u00e7\u00e3o chega a 60%. \u201cO n\u00e3o pagamento de tributos e impostos pelos super-ricos faz com que haja toda essa concentra\u00e7\u00e3o de renda, como, por exemplo, no Brasil, onde a distribui\u00e7\u00e3o dos dividendos dos lucros das empresas \u00e9 isenta\u201d, explicou. \u201cOutro exemplo brasileiro s\u00e3o as brechas na legisla\u00e7\u00e3o tribut\u00e1ria, que permitem aos propriet\u00e1rios de grandes agroind\u00fastrias declarem os ganhos das empresas como sendo de pessoas f\u00edsicas\u201d, continuou o dirigente da Contraf-CUT.<\/p>\n<p>\u201cEnt\u00e3o, apesar de o governo ter conseguido um grande avan\u00e7o com a aprova\u00e7\u00e3o da parte da reforma tribut\u00e1ria que simplifica o sistema e de algumas medidas que contribuem com a tributa\u00e7\u00e3o das <em>offshores<\/em>e dos fundos de investimentos dos super-ricos, ainda h\u00e1 uma longa luta para tentarmos, pelo menos, minimizar essa concentra\u00e7\u00e3o.<\/p>\n<h3><strong>Destaques<\/strong><\/h3>\n<ul>\n<li>No Brasil, em m\u00e9dia, o rendimento das pessoas brancas \u00e9 mais de 70% superior \u00e0 renda de pessoas negras;<\/li>\n<li>Quatro dos cinco bilion\u00e1rios brasileiros mais ricos tiveram um aumento de 51% de sua riqueza desde 2020; ao mesmo tempo, 129 milh\u00f5es de brasileiros ficaram mais pobres;<\/li>\n<li>A pessoa mais rica do pa\u00eds possui uma fortuna equivalente \u00e0 metade mais pobre do Brasil (107 milh\u00f5es de pessoas);<\/li>\n<li>O 1% mais rico do Brasil tem 60% dos ativos financeiros do pa\u00eds;<\/li>\n<li>A riqueza dos cinco homens mais ricos do mundo aumentou 114% desde 2020;<\/li>\n<li>O mundo poder\u00e1 ter seu primeiro trilion\u00e1rio nos pr\u00f3ximos 10 anos, enquanto o fim da pobreza poder\u00e1 levar mais de dois s\u00e9culos;<\/li>\n<li>7 das 10 maiores empresas do mundo t\u00eam hoje um bilion\u00e1rio no comando ou como principal acionista;<\/li>\n<li>As 148 maiores empresas do mundo lucraram US$ 1,8 trilh\u00e3o, 52% a mais do que a m\u00e9dia dos \u00faltimos tr\u00eas anos, e distribu\u00edram robustos dividendos para acionistas ricos, enquanto milh\u00f5es de pessoas enfrentavam cortes em seus sal\u00e1rios;<\/li>\n<li>Medidas para interromper o ac\u00famulo de riqueza: investimento pesado em servi\u00e7os p\u00fablicos, regula\u00e7\u00e3o de empresas, quebra de monop\u00f3lios privados e cria\u00e7\u00e3o de impostos permanentes sobre riqueza e lucros excedentes.<\/li>\n<\/ul>\n<p><strong>Fonte: Contraf-CUT<\/strong><\/p>\n","protected":false},"excerpt":{"rendered":"<p>A fortuna dos cinco homens mais ricos do mundo mais que dobrou desde 2020 \u2013de US$ 405 bilh\u00f5es para US$ 869 bilh\u00f5es\u2013, ao mesmo tempo em que as quase cinco bilh\u00f5es de pessoas mais pobres ficaram ainda mais pobres. \u00c9 o que revela o novo relat\u00f3rio Desigualdade S.A., da Oxfam, divulgado na segunda-feira (15\/1). O [&hellip;]<\/p>\n","protected":false},"author":2,"featured_media":14894,"comment_status":"","ping_status":"","sticky":false,"template":"","format":"standard","meta":{"footnotes":""},"categories":[3],"tags":[],"class_list":["post-14895","post","type-post","status-publish","format-standard","has-post-thumbnail","hentry","category-noticias"],"_links":{"self":[{"href":"https:\/\/hostnetart.com.br\/baixada\/wp-json\/wp\/v2\/posts\/14895","targetHints":{"allow":["GET"]}}],"collection":[{"href":"https:\/\/hostnetart.com.br\/baixada\/wp-json\/wp\/v2\/posts"}],"about":[{"href":"https:\/\/hostnetart.com.br\/baixada\/wp-json\/wp\/v2\/types\/post"}],"author":[{"embeddable":true,"href":"https:\/\/hostnetart.com.br\/baixada\/wp-json\/wp\/v2\/users\/2"}],"replies":[{"embeddable":true,"href":"https:\/\/hostnetart.com.br\/baixada\/wp-json\/wp\/v2\/comments?post=14895"}],"version-history":[{"count":0,"href":"https:\/\/hostnetart.com.br\/baixada\/wp-json\/wp\/v2\/posts\/14895\/revisions"}],"wp:featuredmedia":[{"embeddable":true,"href":"https:\/\/hostnetart.com.br\/baixada\/wp-json\/wp\/v2\/media\/14894"}],"wp:attachment":[{"href":"https:\/\/hostnetart.com.br\/baixada\/wp-json\/wp\/v2\/media?parent=14895"}],"wp:term":[{"taxonomy":"category","embeddable":true,"href":"https:\/\/hostnetart.com.br\/baixada\/wp-json\/wp\/v2\/categories?post=14895"},{"taxonomy":"post_tag","embeddable":true,"href":"https:\/\/hostnetart.com.br\/baixada\/wp-json\/wp\/v2\/tags?post=14895"}],"curies":[{"name":"wp","href":"https:\/\/api.w.org\/{rel}","templated":true}]}}