{"id":14891,"date":"2024-01-17T16:29:02","date_gmt":"2024-01-17T19:29:02","guid":{"rendered":"https:\/\/hostnetart.com.br\/baixada\/pastor-americano-que-defende-escravidao-vem-a-congresso-evangelico-no-brasil\/"},"modified":"2024-01-17T16:29:02","modified_gmt":"2024-01-17T19:29:02","slug":"pastor-americano-que-defende-escravidao-vem-a-congresso-evangelico-no-brasil","status":"publish","type":"post","link":"https:\/\/hostnetart.com.br\/baixada\/pastor-americano-que-defende-escravidao-vem-a-congresso-evangelico-no-brasil\/","title":{"rendered":"Pastor americano que defende escravid\u00e3o vem a congresso evang\u00e9lico no Brasil"},"content":{"rendered":"<p>O campo evang\u00e9lico brasileiro Consci\u00eancia Crist\u00e3 convidou para seu congresso o pastor estadunidense Douglas Wilson, que sistematicamente defende o direito de crist\u00e3os escravizarem pessoas negras, com o falso argumento de que essa \u00e9 uma autoriza\u00e7\u00e3o presente na B\u00edblia. A informa\u00e7\u00e3o foi divulgada pelo site de jornalismo investigativo <a href=\"https:\/\/www.intercept.com.br\/2024\/01\/16\/congresso-evangelico-consciencia-crista-trara-pastor-douglas-wilson-defensor-da-escravidao\/\" target=\"_blank\" rel=\"noopener noreferrer\">Intercept<\/a><a href=\"https:\/\/www.intercept.com.br\/2024\/01\/16\/congresso-evangelico-consciencia-crista-trara-pastor-douglas-wilson-defensor-da-escravidao\/\"> Brasil<\/a>.<\/p>\n<p>Esse n\u00e3o \u00e9 um sentimento crist\u00e3o; o cristianismo defende que todos respeitem o pr\u00f3ximo sem qualquer discrimina\u00e7\u00e3o\u201d, observa o secret\u00e1rio de Combate ao Racismo da Confedera\u00e7\u00e3o Nacional dos Trabalhadores do Ramo Financeiro (Contraf-CUT), Almir Aguiar. \u201cA Constitui\u00e7\u00e3o e o C\u00f3digo Penal pro\u00edbem o trabalho escravo no Brasil, portanto as palavras desse pastor norte-americano s\u00e3o ilegais aqui\u201d, complementa. O crime de racismo \u00e9 imprescrit\u00edvel, com pena de dois a cinco anos de pris\u00e3o.<\/p>\n<p>\u201cDefender a escravid\u00e3o no Brasil \u00e9 um disparate, at\u00e9 porque n\u00f3s, os negros e as negras, somos 57% da popula\u00e7\u00e3o. No entanto, o pior de tudo \u00e9 que esse pensamento \u00e9 racista em sua ess\u00eancia, e nenhum tipo de discrimina\u00e7\u00e3o tem espa\u00e7o numa sociedade justa e democr\u00e1tica, como a que estamos buscando construir no Brasil\u201d, afirma o secret\u00e1rio.<\/p>\n<p>A Contraf-CUT e o Instituto de Pesquisas das Culturas Negras (IPCN) est\u00e3o convocando os movimentos negros para repudiar essa participa\u00e7\u00e3o retr\u00f3grada dentro do pa\u00eds. \u201cEsse pastor ataca diretamente os direitos humanos e o bom di\u00e1logo interreligioso\u201d, diz Almir. \u201cNo momento hist\u00f3rico em que estamos, n\u00e3o podemos aceitar a dissemina\u00e7\u00e3o do \u00f3dio e de mentiras, que s\u00e3o a base de ideologias terraplanistas, racistas e nazistas, que discriminam e matam pessoas, ou mesmo popula\u00e7\u00f5es, pelas suas caracter\u00edsticas \u00e9tnicas, local de origem ou condi\u00e7\u00e3o social\u201d, ressalta Almir. \u201cTemos que mostrar nossa rejei\u00e7\u00e3o a isso\u201d, conclui.<\/p>\n<h3><strong>O evento e o pastor<\/strong><\/h3>\n<p>O congresso da Consci\u00eancia Crist\u00e3 \u2013 uma associa\u00e7\u00e3o conservadora de igrejas evang\u00e9licas \u2013 ocorre durante o Carnaval, em Campina Grande (PB).<\/p>\n<p>Wilson, l\u00edder da Igreja de Cristo, em franco crescimento nos Estados Unidos, \u00e9 um te\u00f3logo fundamentalista, autor de dois livros para defender a escraviza\u00e7\u00e3o de pessoas negras por crist\u00e3os, que j\u00e1 exerce grande influ\u00eancia na extrema direita brasileira.<\/p>\n<p>Ele tamb\u00e9m \u00e9 um dos principais articuladores do chamado \u201cnacionalismo crist\u00e3o\u201d, que teve participa\u00e7\u00e3o na invas\u00e3o do Capit\u00f3lio (o congresso norte-americano), em 6 de janeiro de 2022, para tentar impedir a posse de Joe Biden, que havia derrotado o ultraconservador Donald Trump nas elei\u00e7\u00f5es. \u00c9 uma organiza\u00e7\u00e3o vista como s\u00e9ria amea\u00e7a \u00e0 democracia.<\/p>\n<p><b>Fonte: Contraf-CUT<\/b><\/p>\n","protected":false},"excerpt":{"rendered":"<p>O campo evang\u00e9lico brasileiro Consci\u00eancia Crist\u00e3 convidou para seu congresso o pastor estadunidense Douglas Wilson, que sistematicamente defende o direito de crist\u00e3os escravizarem pessoas negras, com o falso argumento de que essa \u00e9 uma autoriza\u00e7\u00e3o presente na B\u00edblia. A informa\u00e7\u00e3o foi divulgada pelo site de jornalismo investigativo Intercept Brasil. Esse n\u00e3o \u00e9 um sentimento crist\u00e3o; [&hellip;]<\/p>\n","protected":false},"author":2,"featured_media":14890,"comment_status":"","ping_status":"","sticky":false,"template":"","format":"standard","meta":{"footnotes":""},"categories":[3],"tags":[],"class_list":["post-14891","post","type-post","status-publish","format-standard","has-post-thumbnail","hentry","category-noticias"],"_links":{"self":[{"href":"https:\/\/hostnetart.com.br\/baixada\/wp-json\/wp\/v2\/posts\/14891","targetHints":{"allow":["GET"]}}],"collection":[{"href":"https:\/\/hostnetart.com.br\/baixada\/wp-json\/wp\/v2\/posts"}],"about":[{"href":"https:\/\/hostnetart.com.br\/baixada\/wp-json\/wp\/v2\/types\/post"}],"author":[{"embeddable":true,"href":"https:\/\/hostnetart.com.br\/baixada\/wp-json\/wp\/v2\/users\/2"}],"replies":[{"embeddable":true,"href":"https:\/\/hostnetart.com.br\/baixada\/wp-json\/wp\/v2\/comments?post=14891"}],"version-history":[{"count":0,"href":"https:\/\/hostnetart.com.br\/baixada\/wp-json\/wp\/v2\/posts\/14891\/revisions"}],"wp:featuredmedia":[{"embeddable":true,"href":"https:\/\/hostnetart.com.br\/baixada\/wp-json\/wp\/v2\/media\/14890"}],"wp:attachment":[{"href":"https:\/\/hostnetart.com.br\/baixada\/wp-json\/wp\/v2\/media?parent=14891"}],"wp:term":[{"taxonomy":"category","embeddable":true,"href":"https:\/\/hostnetart.com.br\/baixada\/wp-json\/wp\/v2\/categories?post=14891"},{"taxonomy":"post_tag","embeddable":true,"href":"https:\/\/hostnetart.com.br\/baixada\/wp-json\/wp\/v2\/tags?post=14891"}],"curies":[{"name":"wp","href":"https:\/\/api.w.org\/{rel}","templated":true}]}}