{"id":14887,"date":"2024-01-15T19:10:04","date_gmt":"2024-01-15T22:10:04","guid":{"rendered":"https:\/\/hostnetart.com.br\/baixada\/plr-conquista-garantida-na-cct-sera-paga-no-primeiro-semestre\/"},"modified":"2024-01-15T19:10:04","modified_gmt":"2024-01-15T22:10:04","slug":"plr-conquista-garantida-na-cct-sera-paga-no-primeiro-semestre","status":"publish","type":"post","link":"https:\/\/hostnetart.com.br\/baixada\/plr-conquista-garantida-na-cct-sera-paga-no-primeiro-semestre\/","title":{"rendered":"PLR, conquista garantida na CCT, ser\u00e1 paga no primeiro semestre"},"content":{"rendered":"<p>As <a href=\"https:\/\/contrafcut.com.br\/noticias\/plr-sera-pauta-na-negociacao-com-os-bancos\/\" target=\"_blank\" rel=\"noopener noreferrer\">regras atuais da PLR foram definidas na Campanha Nacional de 2022<\/a>, quando foi consolidada a Conven\u00e7\u00e3o Coletiva de Trabalho (CCT) dos Banc\u00e1rios, com validade para dois anos. \u00a0<\/p>\n<p>Neste primeiro semestre, ser\u00e1 paga a chamada \u201csegunda parcela\u201d, referente ao ano de 2023. A \u201cprimeira parcela\u201d foi, na verdade, a antecipa\u00e7\u00e3o feita entre agosto e setembro do ano passado, a pedido do movimento sindical.<\/p>\n<p>A Participa\u00e7\u00e3o nos Lucros e Resultados, a PLR, \u00e9 uma conquista hist\u00f3rica da categoria banc\u00e1ria, alcan\u00e7ada dentro de uma negocia\u00e7\u00e3o coletiva, de abrang\u00eancia nacional, ou seja, \u00e9 v\u00e1lida a todo banc\u00e1rio e toda banc\u00e1ria, de norte a Sul do Brasil.<\/p>\n<p>O pagamento da segunda parcela segue o seguinte calend\u00e1rio:<\/p>\n<ul>\n<li>Banc\u00e1rios e banc\u00e1rias dos <strong>bancos privados<\/strong>: at\u00e9 1\u00ba de mar\u00e7o;<\/li>\n<li>Empregados e empregadas da <strong>Caixa<\/strong>: at\u00e9 31 de mar\u00e7o;<\/li>\n<li>Funcion\u00e1rias e funcion\u00e1rios do<strong> Banco do Brasil<\/strong>: at\u00e9 10 dias \u00fateis ap\u00f3s distribui\u00e7\u00e3o dos dividendos ou Juros sobre Capital Pr\u00f3prio (JCP) aos acionistas.<\/li>\n<\/ul>\n<h3><strong>Conquista hist\u00f3rica<\/strong><\/h3>\n<p>A categoria banc\u00e1ria foi a primeira a conquistar a PLR prevista na CCT, em 1995. Desde ent\u00e3o, a premia\u00e7\u00e3o vem sendo aprimorada em diversas negocia\u00e7\u00f5es com os bancos, como tamb\u00e9m pela legisla\u00e7\u00e3o. Entre os destaques, est\u00e3o o valor adicional (2007) e a isen\u00e7\u00e3o do Imposto de Renda sobre o benef\u00edcio at\u00e9 determinado valor (2013).<\/p>\n<p>Para o vice-presidente da Confedera\u00e7\u00e3o Nacional dos Trabalhadores do Ramo Financeiro (Contraf-CUT), Vin\u00edcius Assump\u00e7\u00e3o, \u201ca conquista da PLR na CCT, em 1995, e a consolida\u00e7\u00e3o do benef\u00edcio ao longo dos anos s\u00e3o resultados da negocia\u00e7\u00e3o coletiva, que em cada campanha nacional mostra a for\u00e7a da categoria banc\u00e1ria. N\u00e3o foi um presente dos bancos, mas uma conquista das banc\u00e1rias e banc\u00e1rios, com muita luta\u201d.<\/p>\n<p>Vin\u00edcius lembra que neste ano haver\u00e1 nova campanha nacional. \u201cN\u00e3o ser\u00e1 diferente: a luta ser\u00e1 grande. Mas vamos todos nos mobilizar, para garantir a manuten\u00e7\u00e3o de todos os benef\u00edcios que a categoria tem conquistado, entre eles a PLR. Banc\u00e1rios e banc\u00e1rias s\u00e3o uma refer\u00eancia de organiza\u00e7\u00e3o para toda a classe trabalhadora, por isso, mais uma vez vamos juntos, fortes como sempre\u201d.<\/p>\n<p><strong>Fonte: Contraf-CUT<\/strong><\/p>\n","protected":false},"excerpt":{"rendered":"<p>As regras atuais da PLR foram definidas na Campanha Nacional de 2022, quando foi consolidada a Conven\u00e7\u00e3o Coletiva de Trabalho (CCT) dos Banc\u00e1rios, com validade para dois anos. \u00a0 Neste primeiro semestre, ser\u00e1 paga a chamada \u201csegunda parcela\u201d, referente ao ano de 2023. A \u201cprimeira parcela\u201d foi, na verdade, a antecipa\u00e7\u00e3o feita entre agosto e [&hellip;]<\/p>\n","protected":false},"author":2,"featured_media":14886,"comment_status":"","ping_status":"","sticky":false,"template":"","format":"standard","meta":{"footnotes":""},"categories":[3],"tags":[],"class_list":["post-14887","post","type-post","status-publish","format-standard","has-post-thumbnail","hentry","category-noticias"],"_links":{"self":[{"href":"https:\/\/hostnetart.com.br\/baixada\/wp-json\/wp\/v2\/posts\/14887","targetHints":{"allow":["GET"]}}],"collection":[{"href":"https:\/\/hostnetart.com.br\/baixada\/wp-json\/wp\/v2\/posts"}],"about":[{"href":"https:\/\/hostnetart.com.br\/baixada\/wp-json\/wp\/v2\/types\/post"}],"author":[{"embeddable":true,"href":"https:\/\/hostnetart.com.br\/baixada\/wp-json\/wp\/v2\/users\/2"}],"replies":[{"embeddable":true,"href":"https:\/\/hostnetart.com.br\/baixada\/wp-json\/wp\/v2\/comments?post=14887"}],"version-history":[{"count":0,"href":"https:\/\/hostnetart.com.br\/baixada\/wp-json\/wp\/v2\/posts\/14887\/revisions"}],"wp:featuredmedia":[{"embeddable":true,"href":"https:\/\/hostnetart.com.br\/baixada\/wp-json\/wp\/v2\/media\/14886"}],"wp:attachment":[{"href":"https:\/\/hostnetart.com.br\/baixada\/wp-json\/wp\/v2\/media?parent=14887"}],"wp:term":[{"taxonomy":"category","embeddable":true,"href":"https:\/\/hostnetart.com.br\/baixada\/wp-json\/wp\/v2\/categories?post=14887"},{"taxonomy":"post_tag","embeddable":true,"href":"https:\/\/hostnetart.com.br\/baixada\/wp-json\/wp\/v2\/tags?post=14887"}],"curies":[{"name":"wp","href":"https:\/\/api.w.org\/{rel}","templated":true}]}}