{"id":14885,"date":"2024-01-12T14:22:21","date_gmt":"2024-01-12T17:22:21","guid":{"rendered":"https:\/\/hostnetart.com.br\/baixada\/funcionarios-do-bndes-rechacam-curva-forcada-da-plr\/"},"modified":"2024-01-12T14:22:21","modified_gmt":"2024-01-12T17:22:21","slug":"funcionarios-do-bndes-rechacam-curva-forcada-da-plr","status":"publish","type":"post","link":"https:\/\/hostnetart.com.br\/baixada\/funcionarios-do-bndes-rechacam-curva-forcada-da-plr\/","title":{"rendered":"Funcion\u00e1rios do BNDES recha\u00e7am curva for\u00e7ada da PLR"},"content":{"rendered":"<p>Em assembleia \u2013 convocada pelos sindicatos de banc\u00e1rios do Rio, S\u00e3o Paulo, Distrito Federal e Pernambuco, pela Confedera\u00e7\u00e3o Nacional dos Trabalhadores do Ramo Financeiro (Contraf-CUT) e por associa\u00e7\u00f5es representativas dos funcion\u00e1rios do Banco Nacional de Desenvolvimento Econ\u00f4mico e Social (BNDES) \u2013, foi aprovada, nesta quarta (10), a proposta de defesa, em mesa de negocia\u00e7\u00e3o, do fim da chamada \u201ccurva for\u00e7ada\u201d na gest\u00e3o do banco.<\/p>\n<p>Os funcion\u00e1rios do BNDES tamb\u00e9m aprovaram a distribui\u00e7\u00e3o coletiva, de modo linear conforme o sal\u00e1rio, do 0,1 sal\u00e1rio referente ao programa de premia\u00e7\u00e3o da entidade.\u00a0<a href=\"https:\/\/contrafcut.com.br\/noticias\/funcionarios-do-bndes-fazem-assembleia-sobre-plr-e-curva-forcada\/\" target=\"_blank\" rel=\"noopener noreferrer\">Entenda o que \u00e9 a \u201ccurva for\u00e7ada\u201d e a origem do 0,1 sal\u00e1rio a ser distribu\u00eddo neste\u00a0<em>link<\/em><\/a>. Dos 563 empregados participaram da vota\u00e7\u00e3o, 539 (95.7%) disseram \u201csim\u201d \u00e0 proposta, e 24 (4.3%) disseram \u201cn\u00e3o\u201d.<\/p>\n<p>Durante a\u00a0<em>live<\/em>\u00a0realizada antes da vota\u00e7\u00e3o, o presidente da AFBNDES, Arthur Koblitz, explicou que \u201ca vota\u00e7\u00e3o tinha como objetivo subsidiar a representa\u00e7\u00e3o dos empregados na mesa de negocia\u00e7\u00e3o com o BNDES, de modo que fique ajustado que o 0,1 sal\u00e1rio que o banco destinou a um programa de premia\u00e7\u00e3o seja distribu\u00eddo de forma coletiva entre os funcion\u00e1rios, sem a utiliza\u00e7\u00e3o do m\u00e9todo da \u2018curva for\u00e7ada\u2019\u201d.<\/p>\n<p>O vice-presidente da Contraf-CUT, Vin\u00edcius Assump\u00e7\u00e3o, ressaltou a import\u00e2ncia da chancela dos empregados a esses posicionamentos. \u201cAs decis\u00f5es sobre o destino do 0,1 sal\u00e1rio, que foi retirado da PLR de 2022, e o rep\u00fadio ao m\u00e9todo da \u2018curva for\u00e7ada\u2019 s\u00e3o fundamentais para ganharmos for\u00e7a na negocia\u00e7\u00e3o com o BNDES, em especial neste ano, em que teremos campanha nacional\u201d, afirmou o dirigente.<\/p>\n<p><strong>Fonte: Contraf-CUT<\/strong><\/p>\n","protected":false},"excerpt":{"rendered":"<p>Em assembleia \u2013 convocada pelos sindicatos de banc\u00e1rios do Rio, S\u00e3o Paulo, Distrito Federal e Pernambuco, pela Confedera\u00e7\u00e3o Nacional dos Trabalhadores do Ramo Financeiro (Contraf-CUT) e por associa\u00e7\u00f5es representativas dos funcion\u00e1rios do Banco Nacional de Desenvolvimento Econ\u00f4mico e Social (BNDES) \u2013, foi aprovada, nesta quarta (10), a proposta de defesa, em mesa de negocia\u00e7\u00e3o, do [&hellip;]<\/p>\n","protected":false},"author":2,"featured_media":14884,"comment_status":"","ping_status":"","sticky":false,"template":"","format":"standard","meta":{"footnotes":""},"categories":[3],"tags":[],"class_list":["post-14885","post","type-post","status-publish","format-standard","has-post-thumbnail","hentry","category-noticias"],"_links":{"self":[{"href":"https:\/\/hostnetart.com.br\/baixada\/wp-json\/wp\/v2\/posts\/14885","targetHints":{"allow":["GET"]}}],"collection":[{"href":"https:\/\/hostnetart.com.br\/baixada\/wp-json\/wp\/v2\/posts"}],"about":[{"href":"https:\/\/hostnetart.com.br\/baixada\/wp-json\/wp\/v2\/types\/post"}],"author":[{"embeddable":true,"href":"https:\/\/hostnetart.com.br\/baixada\/wp-json\/wp\/v2\/users\/2"}],"replies":[{"embeddable":true,"href":"https:\/\/hostnetart.com.br\/baixada\/wp-json\/wp\/v2\/comments?post=14885"}],"version-history":[{"count":0,"href":"https:\/\/hostnetart.com.br\/baixada\/wp-json\/wp\/v2\/posts\/14885\/revisions"}],"wp:featuredmedia":[{"embeddable":true,"href":"https:\/\/hostnetart.com.br\/baixada\/wp-json\/wp\/v2\/media\/14884"}],"wp:attachment":[{"href":"https:\/\/hostnetart.com.br\/baixada\/wp-json\/wp\/v2\/media?parent=14885"}],"wp:term":[{"taxonomy":"category","embeddable":true,"href":"https:\/\/hostnetart.com.br\/baixada\/wp-json\/wp\/v2\/categories?post=14885"},{"taxonomy":"post_tag","embeddable":true,"href":"https:\/\/hostnetart.com.br\/baixada\/wp-json\/wp\/v2\/tags?post=14885"}],"curies":[{"name":"wp","href":"https:\/\/api.w.org\/{rel}","templated":true}]}}