{"id":14883,"date":"2024-01-12T14:19:24","date_gmt":"2024-01-12T17:19:24","guid":{"rendered":"https:\/\/hostnetart.com.br\/baixada\/caixa-regulariza-isencao-de-tarifas-aos-empregados\/"},"modified":"2024-01-12T14:19:24","modified_gmt":"2024-01-12T17:19:24","slug":"caixa-regulariza-isencao-de-tarifas-aos-empregados","status":"publish","type":"post","link":"https:\/\/hostnetart.com.br\/baixada\/caixa-regulariza-isencao-de-tarifas-aos-empregados\/","title":{"rendered":"Caixa regulariza isen\u00e7\u00e3o de tarifas aos empregados"},"content":{"rendered":"<p>A Caixa Econ\u00f4mica Federal atendeu o pedido feito pela Confedera\u00e7\u00e3o Nacional dos Trabalhadores do Ramo Financeiro (Contraf-CUT) em <a href=\"https:\/\/contrafcut.com.br\/noticias\/caixa-contraf-cut-cobra-reducao-de-jornada-para-pcds\" target=\"_blank\" rel=\"noopener noreferrer\">of\u00edcio enviado<\/a> no dia 3 de janeiro de 2024, no qual alertava ao banco que, em desacordo com o que estabelece a cl\u00e1usula 19 do Acordo Coletivo de Trabalho (ACT), estavam sendo cobradas tarifas de empregados da ativa e aposentados. No of\u00edcio, a Contraf-CUT solicitou a \u201curgente regulariza\u00e7\u00e3o bem como o estorno das cobran\u00e7as feitas indevidamente.\u201d<\/p>\n<p>Na resposta enviada \u00e0 Contraf-CUT, a Caixa explicou que \u201ca execu\u00e7\u00e3o dos procedimentos operacionais de migra\u00e7\u00e3o das contas SIDEC para NSGD acarretou em algumas inconsist\u00eancias nas marca\u00e7\u00f5es de isen\u00e7\u00e3o de contas para os empregados desligados\u201d e informou \u201co restabelecimento da marca\u00e7\u00e3o de isen\u00e7\u00e3o das contas para o referido p\u00fablico em 04\/JAN\/2024\u201d, al\u00e9m de ressaltar que \u201ca operacionaliza\u00e7\u00e3o do estorno das tarifas foi realizado no dia 08\/01\/2024\u201d.<\/p>\n<p>\u201cCaso alguma empregada ou empregado constate a continuidade do problema, ou a falta de estorno dos valores cobrados indevidamente, entre em contato com a representa\u00e7\u00e3o de sua base sindical, para que ela nos repasse o caso e possamos intervir junto ao banco\u201d, orientou a coordenadora da Comiss\u00e3o Executiva dos Empregados (CEE) da Caixa, Fabiana Uehara Proscholdt.<\/p>\n<p><strong>Fonte: Contraf-CUT<\/strong><\/p>\n","protected":false},"excerpt":{"rendered":"<p>A Caixa Econ\u00f4mica Federal atendeu o pedido feito pela Confedera\u00e7\u00e3o Nacional dos Trabalhadores do Ramo Financeiro (Contraf-CUT) em of\u00edcio enviado no dia 3 de janeiro de 2024, no qual alertava ao banco que, em desacordo com o que estabelece a cl\u00e1usula 19 do Acordo Coletivo de Trabalho (ACT), estavam sendo cobradas tarifas de empregados da [&hellip;]<\/p>\n","protected":false},"author":2,"featured_media":14882,"comment_status":"","ping_status":"","sticky":false,"template":"","format":"standard","meta":{"footnotes":""},"categories":[3],"tags":[],"class_list":["post-14883","post","type-post","status-publish","format-standard","has-post-thumbnail","hentry","category-noticias"],"_links":{"self":[{"href":"https:\/\/hostnetart.com.br\/baixada\/wp-json\/wp\/v2\/posts\/14883","targetHints":{"allow":["GET"]}}],"collection":[{"href":"https:\/\/hostnetart.com.br\/baixada\/wp-json\/wp\/v2\/posts"}],"about":[{"href":"https:\/\/hostnetart.com.br\/baixada\/wp-json\/wp\/v2\/types\/post"}],"author":[{"embeddable":true,"href":"https:\/\/hostnetart.com.br\/baixada\/wp-json\/wp\/v2\/users\/2"}],"replies":[{"embeddable":true,"href":"https:\/\/hostnetart.com.br\/baixada\/wp-json\/wp\/v2\/comments?post=14883"}],"version-history":[{"count":0,"href":"https:\/\/hostnetart.com.br\/baixada\/wp-json\/wp\/v2\/posts\/14883\/revisions"}],"wp:featuredmedia":[{"embeddable":true,"href":"https:\/\/hostnetart.com.br\/baixada\/wp-json\/wp\/v2\/media\/14882"}],"wp:attachment":[{"href":"https:\/\/hostnetart.com.br\/baixada\/wp-json\/wp\/v2\/media?parent=14883"}],"wp:term":[{"taxonomy":"category","embeddable":true,"href":"https:\/\/hostnetart.com.br\/baixada\/wp-json\/wp\/v2\/categories?post=14883"},{"taxonomy":"post_tag","embeddable":true,"href":"https:\/\/hostnetart.com.br\/baixada\/wp-json\/wp\/v2\/tags?post=14883"}],"curies":[{"name":"wp","href":"https:\/\/api.w.org\/{rel}","templated":true}]}}