{"id":14879,"date":"2024-01-11T20:05:05","date_gmt":"2024-01-11T23:05:05","guid":{"rendered":"https:\/\/hostnetart.com.br\/baixada\/nota-de-pesar-4\/"},"modified":"2024-01-11T20:05:05","modified_gmt":"2024-01-11T23:05:05","slug":"nota-de-pesar-4","status":"publish","type":"post","link":"https:\/\/hostnetart.com.br\/baixada\/nota-de-pesar-4\/","title":{"rendered":"Nota de pesar"},"content":{"rendered":"<p>O Sindicato dos Banc\u00e1rios da Baixada Fluminense lamenta o falecimento de Carlos Fernando dos S. Oliveira, o Caf\u00e9.<\/p>\n<p>Caf\u00e9, como era conhecido, foi quem deu in\u00edcio a prof\u00edcua parceria entre o Sindicato e a Associa\u00e7\u00e3o dos Aposentados e Funcion\u00e1rios do Banco do Brasil &#8211; AAFBB\/Xer\u00e9m.<\/p>\n<p>Sempre disposto a estreitar a rela\u00e7\u00e3o entre as entidades acima referidas, estabeleceu contatos permanentes com o prop\u00f3sito de efetivar a parceria que perdura at\u00e9 o presente momento.<\/p>\n<p>Desta forma, reiteramos o nosso pesar, ao mesmo tempo em que nos solidarizamos com familiares e amigos deste grande companheiro que marcou a nossa hist\u00f3ria com a sua rotineira disponibilidade em sempre contribuir com o aperfei\u00e7oamento da nossa rela\u00e7\u00e3o institucional.<\/p>\n<p>Caf\u00e9, presente! Hoje e sempre.<\/p>\n","protected":false},"excerpt":{"rendered":"<p>O Sindicato dos Banc\u00e1rios da Baixada Fluminense lamenta o falecimento de Carlos Fernando dos S. Oliveira, o Caf\u00e9. Caf\u00e9, como era conhecido, foi quem deu in\u00edcio a prof\u00edcua parceria entre o Sindicato e a Associa\u00e7\u00e3o dos Aposentados e Funcion\u00e1rios do Banco do Brasil &#8211; AAFBB\/Xer\u00e9m. Sempre disposto a estreitar a rela\u00e7\u00e3o entre as entidades acima [&hellip;]<\/p>\n","protected":false},"author":2,"featured_media":14878,"comment_status":"","ping_status":"","sticky":false,"template":"","format":"standard","meta":{"footnotes":""},"categories":[3],"tags":[],"class_list":["post-14879","post","type-post","status-publish","format-standard","has-post-thumbnail","hentry","category-noticias"],"_links":{"self":[{"href":"https:\/\/hostnetart.com.br\/baixada\/wp-json\/wp\/v2\/posts\/14879","targetHints":{"allow":["GET"]}}],"collection":[{"href":"https:\/\/hostnetart.com.br\/baixada\/wp-json\/wp\/v2\/posts"}],"about":[{"href":"https:\/\/hostnetart.com.br\/baixada\/wp-json\/wp\/v2\/types\/post"}],"author":[{"embeddable":true,"href":"https:\/\/hostnetart.com.br\/baixada\/wp-json\/wp\/v2\/users\/2"}],"replies":[{"embeddable":true,"href":"https:\/\/hostnetart.com.br\/baixada\/wp-json\/wp\/v2\/comments?post=14879"}],"version-history":[{"count":0,"href":"https:\/\/hostnetart.com.br\/baixada\/wp-json\/wp\/v2\/posts\/14879\/revisions"}],"wp:featuredmedia":[{"embeddable":true,"href":"https:\/\/hostnetart.com.br\/baixada\/wp-json\/wp\/v2\/media\/14878"}],"wp:attachment":[{"href":"https:\/\/hostnetart.com.br\/baixada\/wp-json\/wp\/v2\/media?parent=14879"}],"wp:term":[{"taxonomy":"category","embeddable":true,"href":"https:\/\/hostnetart.com.br\/baixada\/wp-json\/wp\/v2\/categories?post=14879"},{"taxonomy":"post_tag","embeddable":true,"href":"https:\/\/hostnetart.com.br\/baixada\/wp-json\/wp\/v2\/tags?post=14879"}],"curies":[{"name":"wp","href":"https:\/\/api.w.org\/{rel}","templated":true}]}}