{"id":14873,"date":"2024-01-10T17:40:49","date_gmt":"2024-01-10T20:40:49","guid":{"rendered":"https:\/\/hostnetart.com.br\/baixada\/funcionarios-do-bndes-fazem-assembleia-sobre-a-curva-forcada-da-plr\/"},"modified":"2024-01-10T17:40:49","modified_gmt":"2024-01-10T20:40:49","slug":"funcionarios-do-bndes-fazem-assembleia-sobre-a-curva-forcada-da-plr","status":"publish","type":"post","link":"https:\/\/hostnetart.com.br\/baixada\/funcionarios-do-bndes-fazem-assembleia-sobre-a-curva-forcada-da-plr\/","title":{"rendered":"Funcion\u00e1rios do BNDES fazem assembleia sobre a curva for\u00e7ada da PLR"},"content":{"rendered":"<p>A Confedera\u00e7\u00e3o Nacional dos Trabalhadores do Ramo Financeiro (Contraf-CUT), sindicatos e associa\u00e7\u00f5es que representam os funcion\u00e1rios do Banco Nacional de Desenvolvimento Econ\u00f4mico e Social (BNDES) realizam, nesta quarta-feira (10), assembleia geral extraordin\u00e1ria, consultiva, sobre a Participa\u00e7\u00e3o nos Lucros e Resultados (PLR) e a curva for\u00e7ada.<\/p>\n<p>A vota\u00e7\u00e3o ser\u00e1 digital, das 19h30 \u00e0s 22h30, logo ap\u00f3s uma <em>live<\/em> sobre o tema, que come\u00e7a \u00e0s 18h30 (detalhes abaixo).<\/p>\n<p>No BNDES, a PLR \u00e9 calculada pelo lucro geral do banco, al\u00e9m de um percentual baseado nas metas atingidas por cada setor. Como afirma o vice-presidente da Contraf-CUT, Vin\u00edcius Assump\u00e7\u00e3o, \u201cesse modelo tem gerado condi\u00e7\u00f5es para casos de ass\u00e9dio moral, o que j\u00e1 ocorreu, com funcion\u00e1rios recebendo menos em PLR que outros colegas de setor\u201d.<\/p>\n<p>Em 2021, o BNDES adotou esse formato em toda a PLR, quando o valor calculado tinha tr\u00eas variantes: fator geral (baseado no lucro global da entidade), um fator relacionado ao desempenho do setor e outro ao desempenho individual. Isso levou \u00e1reas inteiras a ficar sem PLR, como ocorreu com Mercado de Capitais.<\/p>\n<p>Naquele ano, o banco reduziu o teto da PLR de 3 para 2,9 sal\u00e1rios. A distribui\u00e7\u00e3o do valor de 0,1 sal\u00e1rio, retirado da PLR, foi feita a partir de avalia\u00e7\u00e3o do desempenho pessoal comparado ao dos demais funcion\u00e1rios de cada setor \u2013 a chamada curva for\u00e7ada. Essa avalia\u00e7\u00e3o ficava a cargo dos chefes e superintendentes.<\/p>\n<p>Vin\u00edcius diz que, diante desse quadro, \u201ca Contraf-CUT, sindicatos e associa\u00e7\u00f5es dos funcion\u00e1rios do BNDES defendem o fim da curva for\u00e7ada, com a PLR baseada apenas no lucro da entidade e distribu\u00edda linearmente entre todos os funcion\u00e1rios, conforme seus sal\u00e1rios\u201d.<\/p>\n<p>A representa\u00e7\u00e3o dos funcion\u00e1rios tamb\u00e9m prop\u00f5e o fim da avalia\u00e7\u00e3o por setor. O dirigente lembra que, \u201cna PLR de 2022, a \u00c1rea de Mercados de Capitais ficou sem a premia\u00e7\u00e3o, pois a dire\u00e7\u00e3o anterior entendeu que o setor n\u00e3o tinha direito, mas isso estava errado como foi comprovado agora por uma auditoria do pr\u00f3prio banco. Vale lembrar que estamos em negocia\u00e7\u00e3o, cobrando o pagamento leg\u00edtimo da PLR aos trabalhadores dessa \u00e1rea\u201d.<\/p>\n<p>Para Vin\u00edcius, a assembleia consultiva fortalecer\u00e1 os funcion\u00e1rios nas tratativas com o BNDES. \u201cVamos fortalecer nossa posi\u00e7\u00e3o, colocada em mesa de negocia\u00e7\u00e3o. N\u00e3o existe negocia\u00e7\u00e3o forte sem ter por tr\u00e1s a mobiliza\u00e7\u00e3o e a participa\u00e7\u00e3o do funcionalismo\u201d.<\/p>\n<h3><strong>Servi\u00e7o<\/strong><\/h3>\n<p><strong><em>Live<\/em><\/strong> sobre a PLR e a curva for\u00e7ada<\/p>\n<p>Por este <a href=\"https:\/\/zoom.us\/j\/96910931985?pwd=dStraVZvM09VRlhyUndTZ1RTRktvUT09\" target=\"_blank\" rel=\"noopener noreferrer\">link do Zoom<\/a> (ID da reuni\u00e3o: <a href=\"tel:969 1093 1985\">969 1093 1985<\/a>; senha: 077970)<\/p>\n<p>Quando: \u00e0s 18h30<\/p>\n<p><strong>Assembleia Geral Extraordin\u00e1ria<\/strong><\/p>\n<p>Vota\u00e7\u00e3o pelo link <a href=\"https:\/\/votacao.afbndes.org.br\/curva2022\" target=\"_blank\" rel=\"noopener noreferrer\">https:\/\/votacao.afbndes.org.br\/curva2022<\/a><\/p>\n<p>Quando: das 19h30 \u00e0s 22h30<\/p>\n<p><strong>Fonte: Contraf-CUT<\/strong><\/p>\n","protected":false},"excerpt":{"rendered":"<p>A Confedera\u00e7\u00e3o Nacional dos Trabalhadores do Ramo Financeiro (Contraf-CUT), sindicatos e associa\u00e7\u00f5es que representam os funcion\u00e1rios do Banco Nacional de Desenvolvimento Econ\u00f4mico e Social (BNDES) realizam, nesta quarta-feira (10), assembleia geral extraordin\u00e1ria, consultiva, sobre a Participa\u00e7\u00e3o nos Lucros e Resultados (PLR) e a curva for\u00e7ada. A vota\u00e7\u00e3o ser\u00e1 digital, das 19h30 \u00e0s 22h30, logo ap\u00f3s [&hellip;]<\/p>\n","protected":false},"author":2,"featured_media":14872,"comment_status":"","ping_status":"","sticky":false,"template":"","format":"standard","meta":{"footnotes":""},"categories":[3],"tags":[],"class_list":["post-14873","post","type-post","status-publish","format-standard","has-post-thumbnail","hentry","category-noticias"],"_links":{"self":[{"href":"https:\/\/hostnetart.com.br\/baixada\/wp-json\/wp\/v2\/posts\/14873","targetHints":{"allow":["GET"]}}],"collection":[{"href":"https:\/\/hostnetart.com.br\/baixada\/wp-json\/wp\/v2\/posts"}],"about":[{"href":"https:\/\/hostnetart.com.br\/baixada\/wp-json\/wp\/v2\/types\/post"}],"author":[{"embeddable":true,"href":"https:\/\/hostnetart.com.br\/baixada\/wp-json\/wp\/v2\/users\/2"}],"replies":[{"embeddable":true,"href":"https:\/\/hostnetart.com.br\/baixada\/wp-json\/wp\/v2\/comments?post=14873"}],"version-history":[{"count":0,"href":"https:\/\/hostnetart.com.br\/baixada\/wp-json\/wp\/v2\/posts\/14873\/revisions"}],"wp:featuredmedia":[{"embeddable":true,"href":"https:\/\/hostnetart.com.br\/baixada\/wp-json\/wp\/v2\/media\/14872"}],"wp:attachment":[{"href":"https:\/\/hostnetart.com.br\/baixada\/wp-json\/wp\/v2\/media?parent=14873"}],"wp:term":[{"taxonomy":"category","embeddable":true,"href":"https:\/\/hostnetart.com.br\/baixada\/wp-json\/wp\/v2\/categories?post=14873"},{"taxonomy":"post_tag","embeddable":true,"href":"https:\/\/hostnetart.com.br\/baixada\/wp-json\/wp\/v2\/tags?post=14873"}],"curies":[{"name":"wp","href":"https:\/\/api.w.org\/{rel}","templated":true}]}}