{"id":14863,"date":"2024-01-05T15:00:30","date_gmt":"2024-01-05T18:00:30","guid":{"rendered":"https:\/\/hostnetart.com.br\/baixada\/movimento-sindical-cobra-reducao-de-jornada-para-pcds-na-caixa\/"},"modified":"2024-01-05T15:00:30","modified_gmt":"2024-01-05T18:00:30","slug":"movimento-sindical-cobra-reducao-de-jornada-para-pcds-na-caixa","status":"publish","type":"post","link":"https:\/\/hostnetart.com.br\/baixada\/movimento-sindical-cobra-reducao-de-jornada-para-pcds-na-caixa\/","title":{"rendered":"Movimento Sindical cobra redu\u00e7\u00e3o de jornada para PCDs na Caixa"},"content":{"rendered":"<p>O Movimento Sindical Banc\u00e1rio, atrav\u00e9s da Confedera\u00e7\u00e3o Nacional dos Trabalhadores do Ramo Financeiro (Contraf-CUT) enviou, nesta \u00faltima quarta-feira, 3 de janeiro de 2024, um of\u00edcio cobrando que a Caixa Econ\u00f4mica Federal reduza a jornada de trabalho das empregadas e empregados que sejam cuidadores de pessoas com defici\u00eancia (PCDs).<\/p>\n<p>No of\u00edcio, a Contraf-CUT, lembra que se trata de uma reivindica\u00e7\u00e3o recorrente e antiga do movimento sindical, uma vez que que redu\u00e7\u00e3o da jornada de trabalho por empregadas e empregados que sejam cuidadores de pessoas com defici\u00eancia (PCDs) \u00e9 um direito garantido \u00e0s servidoras e servidores p\u00fablicos federais pela <a href=\"https:\/\/www.planalto.gov.br\/ccivil_03\/leis\/l8112cons.htm\" target=\"_blank\" rel=\"noopener noreferrer\">Lei n\u00ba 8.112\/90<\/a>. A Contraf-CUT ressalta ainda que a redu\u00e7\u00e3o da jornada deve ser feita sem altera\u00e7\u00e3o remunerat\u00f3ria e sem compensa\u00e7\u00e3o de hor\u00e1rio e que o Supremo Tribunal Federal (STF) tem reconhecido esse direito.<\/p>\n<p>\u201cAp\u00f3s<a href=\"https:\/\/bancariosdf.com.br\/portal\/em-audiencia-na-justica-sindicato-obtem-da-caixa-compromisso-de-implantar-politica-interna-para-empregados-responsaveis-por-pessoas-com-autismo\/\" target=\"_blank\" rel=\"noopener noreferrer\"> decis\u00e3o do TRT-10<\/a>, com base em uma a\u00e7\u00e3o movida pelo Sindicato dos Banc\u00e1rios de Bras\u00edlia, a Caixa se comprometeu a implementar medidas para cumprir a decis\u00e3o\u201d, informou a coordenadora da Comiss\u00e3o Executiva dos Empregados (CEE), Fabiana Uehara Proscholdt. \u201cPara evitar a\u00e7\u00f5es de outras bases sindicais, solicitamos que seja aberta uma mesa de negocia\u00e7\u00e3o para tratarmos sobre a implementa\u00e7\u00e3o de pol\u00edticas para empregadas e empregados de todo o pa\u00eds que cuidem, ou sejam PCDs\u201d, completou.<\/p>\n<h3><strong>Outras reivindica\u00e7\u00f5es<\/strong><\/h3>\n<p>Al\u00e9m da solicita\u00e7\u00e3o do of\u00edcio, a representa\u00e7\u00e3o das empregadas e empregados da Caixa tem reivindicado, recorrentemente, durante mesas de negocia\u00e7\u00f5es com o banco o respeito ao que determina o artigo 75-F do <a href=\"https:\/\/www.planalto.gov.br\/ccivil_03\/decreto-lei\/del5452.htm\" target=\"_blank\" rel=\"noopener noreferrer\">Decreto-Lei 5452\/1943<\/a>, a Consolida\u00e7\u00e3o das Leis do Trabalho (CLT) e ao artigo 7\u00ba da <a href=\"https:\/\/www.planalto.gov.br\/ccivil_03\/_Ato2019-2022\/2022\/Lei\/L14457.htm\" target=\"_blank\" rel=\"noopener noreferrer\">Lei 14.457\/2022<\/a>, que determina que os empregadores devem dar prioridade aos empregados com defici\u00eancia e aos empregados com filhos, ou crian\u00e7a sob guarda judicial, com at\u00e9 seis anos de idade na aloca\u00e7\u00e3o em vagas para atividades que possam ser efetuadas por meio do teletrabalho ou trabalho remoto.<\/p>\n<h3><strong>Segundo o of\u00edcio<\/strong><\/h3>\n<p>Em um segundo of\u00edcio enviado \u00e0 Caixa nesta quarta-feira (3), a Contraf-CUT informa ao banco que empregadas e empregados, da ativa e aposentados, t\u00eam denunciado cobran\u00e7as indevidas de tarifas em suas contas.<\/p>\n<p>A <a href=\"https:\/\/contrafcut.com.br\/wp-content\/uploads\/2022\/09\/caixa-act-geral-2022-2024.pdf\" target=\"_blank\" rel=\"noopener noreferrer\">cl\u00e1usula 19 do Acordo Coletivo de Trabalho (ACT)<\/a> determina a isen\u00e7\u00e3o de tarifas das contas onde o empregado receba seus sal\u00e1rios ou proventos.<\/p>\n<p>\u201cSolicitamos a urgente regulariza\u00e7\u00e3o, com o fim da cobran\u00e7a de tarifas, bem como estorno das cobran\u00e7as feitas indevidamente\u201d, concluiu a coordenadora da CEE.<\/p>\n<p><strong>Fonte: Contraf-CUT<\/strong><\/p>\n","protected":false},"excerpt":{"rendered":"<p>O Movimento Sindical Banc\u00e1rio, atrav\u00e9s da Confedera\u00e7\u00e3o Nacional dos Trabalhadores do Ramo Financeiro (Contraf-CUT) enviou, nesta \u00faltima quarta-feira, 3 de janeiro de 2024, um of\u00edcio cobrando que a Caixa Econ\u00f4mica Federal reduza a jornada de trabalho das empregadas e empregados que sejam cuidadores de pessoas com defici\u00eancia (PCDs). No of\u00edcio, a Contraf-CUT, lembra que se [&hellip;]<\/p>\n","protected":false},"author":2,"featured_media":14862,"comment_status":"","ping_status":"","sticky":false,"template":"","format":"standard","meta":{"footnotes":""},"categories":[3],"tags":[],"class_list":["post-14863","post","type-post","status-publish","format-standard","has-post-thumbnail","hentry","category-noticias"],"_links":{"self":[{"href":"https:\/\/hostnetart.com.br\/baixada\/wp-json\/wp\/v2\/posts\/14863","targetHints":{"allow":["GET"]}}],"collection":[{"href":"https:\/\/hostnetart.com.br\/baixada\/wp-json\/wp\/v2\/posts"}],"about":[{"href":"https:\/\/hostnetart.com.br\/baixada\/wp-json\/wp\/v2\/types\/post"}],"author":[{"embeddable":true,"href":"https:\/\/hostnetart.com.br\/baixada\/wp-json\/wp\/v2\/users\/2"}],"replies":[{"embeddable":true,"href":"https:\/\/hostnetart.com.br\/baixada\/wp-json\/wp\/v2\/comments?post=14863"}],"version-history":[{"count":0,"href":"https:\/\/hostnetart.com.br\/baixada\/wp-json\/wp\/v2\/posts\/14863\/revisions"}],"wp:featuredmedia":[{"embeddable":true,"href":"https:\/\/hostnetart.com.br\/baixada\/wp-json\/wp\/v2\/media\/14862"}],"wp:attachment":[{"href":"https:\/\/hostnetart.com.br\/baixada\/wp-json\/wp\/v2\/media?parent=14863"}],"wp:term":[{"taxonomy":"category","embeddable":true,"href":"https:\/\/hostnetart.com.br\/baixada\/wp-json\/wp\/v2\/categories?post=14863"},{"taxonomy":"post_tag","embeddable":true,"href":"https:\/\/hostnetart.com.br\/baixada\/wp-json\/wp\/v2\/tags?post=14863"}],"curies":[{"name":"wp","href":"https:\/\/api.w.org\/{rel}","templated":true}]}}