{"id":1486,"date":"2013-09-13T00:00:00","date_gmt":"2013-09-13T03:00:00","guid":{"rendered":"https:\/\/hostnetart.com.br\/baixada\/bb-marca-mesa-de-negociacao-com-o-comando-nacional-para-segunda\/"},"modified":"2013-09-13T00:00:00","modified_gmt":"2013-09-13T03:00:00","slug":"bb-marca-mesa-de-negociacao-com-o-comando-nacional-para-segunda","status":"publish","type":"post","link":"https:\/\/hostnetart.com.br\/baixada\/bb-marca-mesa-de-negociacao-com-o-comando-nacional-para-segunda\/","title":{"rendered":"BB marca mesa de negocia\u00e7\u00e3o com o Comando Nacional para segunda"},"content":{"rendered":"<p>O Banco do Brasil marcou para esta segunda-feira 16 nova rodada das negocia\u00e7\u00f5es espec\u00edficas com o Comando Nacional dos Banc\u00e1rios, coordenado pela Contraf-CUT e assessorada pela Comiss\u00e3o de Empresa dos Funcion\u00e1rios do BB. A reuni\u00e3o ser\u00e1 \u00e0s 15h, em Bras\u00edlia.<\/p>\n<p>\u00a0<\/p>\n<p>A Contraf-CUT convoca os integrantes da Comiss\u00e3o de Empresa para reuni\u00e3o preparat\u00f3ria \u00e0s 13h, na sede da Confedera\u00e7\u00e3o em Bras\u00edlia.<\/p>\n<p>\u00a0<\/p>\n<p>\u201cApresentamos durante as tr\u00eas rodadas de apresenta\u00e7\u00e3o das reivindica\u00e7\u00f5es espec\u00edficas do funcionalismo os diversos problemas e as propostas de solu\u00e7\u00e3o para as quest\u00f5es de sa\u00fade, previd\u00eancia, seguran\u00e7a, emprego, plano de carreira e remunera\u00e7\u00e3o e condi\u00e7\u00f5es de trabalho debatidas no 24\u00ba Congresso do Funcionalismo. Esperamos que o banco traga propostas para todos esses grandes temas e demonstre na pr\u00e1tica que \u00e9 bom pra todos e n\u00e3o apenas para a dire\u00e7\u00e3o da empresa e acionistas\u201d, afirma William Mendes, diretor de Forma\u00e7\u00e3o da Contraf-CUT e coordenador da Comiss\u00e3o de Empresa.<\/p>\n<p>Fonte: Contraf-CUT<\/p>\n","protected":false},"excerpt":{"rendered":"<p>O Banco do Brasil marcou para esta segunda-feira 16 nova rodada das negocia\u00e7\u00f5es espec\u00edficas com o Comando Nacional dos Banc\u00e1rios, coordenado pela Contraf-CUT e assessorada pela Comiss\u00e3o de Empresa dos Funcion\u00e1rios do BB. A reuni\u00e3o ser\u00e1 \u00e0s 15h, em Bras\u00edlia. \u00a0 A Contraf-CUT convoca os integrantes da Comiss\u00e3o de Empresa para reuni\u00e3o preparat\u00f3ria \u00e0s 13h, [&hellip;]<\/p>\n","protected":false},"author":1,"featured_media":0,"comment_status":"","ping_status":"","sticky":false,"template":"","format":"standard","meta":{"footnotes":""},"categories":[3],"tags":[],"class_list":["post-1486","post","type-post","status-publish","format-standard","hentry","category-noticias"],"_links":{"self":[{"href":"https:\/\/hostnetart.com.br\/baixada\/wp-json\/wp\/v2\/posts\/1486","targetHints":{"allow":["GET"]}}],"collection":[{"href":"https:\/\/hostnetart.com.br\/baixada\/wp-json\/wp\/v2\/posts"}],"about":[{"href":"https:\/\/hostnetart.com.br\/baixada\/wp-json\/wp\/v2\/types\/post"}],"author":[{"embeddable":true,"href":"https:\/\/hostnetart.com.br\/baixada\/wp-json\/wp\/v2\/users\/1"}],"replies":[{"embeddable":true,"href":"https:\/\/hostnetart.com.br\/baixada\/wp-json\/wp\/v2\/comments?post=1486"}],"version-history":[{"count":0,"href":"https:\/\/hostnetart.com.br\/baixada\/wp-json\/wp\/v2\/posts\/1486\/revisions"}],"wp:attachment":[{"href":"https:\/\/hostnetart.com.br\/baixada\/wp-json\/wp\/v2\/media?parent=1486"}],"wp:term":[{"taxonomy":"category","embeddable":true,"href":"https:\/\/hostnetart.com.br\/baixada\/wp-json\/wp\/v2\/categories?post=1486"},{"taxonomy":"post_tag","embeddable":true,"href":"https:\/\/hostnetart.com.br\/baixada\/wp-json\/wp\/v2\/tags?post=1486"}],"curies":[{"name":"wp","href":"https:\/\/api.w.org\/{rel}","templated":true}]}}