{"id":14859,"date":"2024-01-03T13:11:56","date_gmt":"2024-01-03T16:11:56","guid":{"rendered":"https:\/\/hostnetart.com.br\/baixada\/saude-caixa-novo-acordo-esta-em-vigor\/"},"modified":"2024-01-03T13:11:56","modified_gmt":"2024-01-03T16:11:56","slug":"saude-caixa-novo-acordo-esta-em-vigor","status":"publish","type":"post","link":"https:\/\/hostnetart.com.br\/baixada\/saude-caixa-novo-acordo-esta-em-vigor\/","title":{"rendered":"Sa\u00fade Caixa: novo acordo est\u00e1 em vigor"},"content":{"rendered":"<p>As coordenadoras do Comando Nacional dos Banc\u00e1rios, Juvandia Moreira e Neiva Ribeiro, e a coordenadora da Comiss\u00e3o Executiva dos Empregados, Fabiana Uehara Proscholdt, assinaram, na quinta-feira (28), o aditivo ao Acordo Coletivo de Trabalho (ACT) espec\u00edfico do Sa\u00fade Caixa, representando todos os sindicatos onde o mesmo foi aprovado nas assembleias realizadas nos dias 5 e 8 de dezembro.<\/p>\n<p>A presidenta da Confedera\u00e7\u00e3o Nacional dos Trabalhadores do Ramo Financeiro (Contraf-CUT), uma das coordenadoras do Comando Nacional dos Banc\u00e1rios, Juvandia Moreira, ressaltou o fato de que o acordo aprovado mant\u00e9m a contribui\u00e7\u00e3o dos titulares em 3,5% sobre remunera\u00e7\u00e3o base, da mesma forma como \u00e9 atualmente.<\/p>\n<p>\u201cAs negocia\u00e7\u00f5es foram duras. Foram quase seis meses de intensos debates, com a Caixa nos apresentando n\u00fameros que sugeriam grandes reajustes e a cobran\u00e7a por faixa et\u00e1ria. Mas, ao final, conseguimos chegar a uma proposta que permite melhorar o equil\u00edbrio da rela\u00e7\u00e3o custo-utiliza\u00e7\u00e3o dos diferentes segmentos, sem reajustes para os titulares\u201d, disse.<\/p>\n<h3><strong>Os n\u00fameros<\/strong><\/h3>\n<p>Os n\u00fameros mostravam um d\u00e9ficit de R$ 422 milh\u00f5es em 2023, e apontavam mais um d\u00e9ficit de R$ 660 milh\u00f5es em 2024. Para suplantar os custos de 2024 a Caixa projetava reajustar, j\u00e1 a partir de janeiro, a contribui\u00e7\u00e3o para 6,46% da remunera\u00e7\u00e3o base para os titulares, mais 0,67% por dependente, o que daria um teto de 7,8% da remunera\u00e7\u00e3o base. Al\u00e9m disso, em 2024 cobraria mais 4,18 parcelas extraordin\u00e1rias para cobrir o d\u00e9ficit de 2023.<\/p>\n<p>\u201cCom o acordo aprovado, conseguimos zerar todo o d\u00e9ficit de 2023, sem a necessidade de parcelas extraordin\u00e1rias, e manter a contribui\u00e7\u00e3o dos titulares em 3,5% da remunera\u00e7\u00e3o base, como \u00e9 atualmente e com um teto m\u00e1ximo de comprometimento da remunera\u00e7\u00e3o base de 7%\u201d, explicou a coordenadora da Comiss\u00e3o Executiva de Empregados (CEE\/Caixa), Fabiana Uehara Proscholdt. \u201cClaro que ningu\u00e9m gostaria de ter aumento, mas, dado o cen\u00e1rio projetado de d\u00e9ficit, foi uma proposta equilibrada. E temos tamb\u00e9m outros importantes avan\u00e7os como o acesso aos dados prim\u00e1rios trimestralmente, o retorno das GIPES, das REPES e dos comit\u00eas de credenciamento entre outros\u201d, continuou.<\/p>\n<h3><strong>Manuten\u00e7\u00e3o dos princ\u00edpios<\/strong><\/h3>\n<p>O presidente da Federa\u00e7\u00e3o Nacional das Associa\u00e7\u00f5es do Pessoal da Caixa (Fenae), Sergio Takemoto, ressaltou que a proposta preserva os princ\u00edpios do plano, como a solidariedade e o pacto intergeracional.<\/p>\n<p>\u201cA luta em defesa do nosso plano de sa\u00fade, que \u00e9 uma das maiores conquistas da categoria, continua ap\u00f3s a assinatura do acordo. Vamos nos manter mobilizados para derrubar o teto de gastos com a sa\u00fade dos empregados pela Caixa \u2013fixado em 6,5% da folha de pagamentos\u2013, cobrar melhorias na rede de atendimento e barrar qualquer medida que comprometa a sustentabilidade do Sa\u00fade Caixa\u201d, refor\u00e7ou.<\/p>\n<p><strong>Fonte: Contraf-CUT<\/strong><\/p>\n","protected":false},"excerpt":{"rendered":"<p>As coordenadoras do Comando Nacional dos Banc\u00e1rios, Juvandia Moreira e Neiva Ribeiro, e a coordenadora da Comiss\u00e3o Executiva dos Empregados, Fabiana Uehara Proscholdt, assinaram, na quinta-feira (28), o aditivo ao Acordo Coletivo de Trabalho (ACT) espec\u00edfico do Sa\u00fade Caixa, representando todos os sindicatos onde o mesmo foi aprovado nas assembleias realizadas nos dias 5 e [&hellip;]<\/p>\n","protected":false},"author":2,"featured_media":14858,"comment_status":"","ping_status":"","sticky":false,"template":"","format":"standard","meta":{"footnotes":""},"categories":[3],"tags":[],"class_list":["post-14859","post","type-post","status-publish","format-standard","has-post-thumbnail","hentry","category-noticias"],"_links":{"self":[{"href":"https:\/\/hostnetart.com.br\/baixada\/wp-json\/wp\/v2\/posts\/14859","targetHints":{"allow":["GET"]}}],"collection":[{"href":"https:\/\/hostnetart.com.br\/baixada\/wp-json\/wp\/v2\/posts"}],"about":[{"href":"https:\/\/hostnetart.com.br\/baixada\/wp-json\/wp\/v2\/types\/post"}],"author":[{"embeddable":true,"href":"https:\/\/hostnetart.com.br\/baixada\/wp-json\/wp\/v2\/users\/2"}],"replies":[{"embeddable":true,"href":"https:\/\/hostnetart.com.br\/baixada\/wp-json\/wp\/v2\/comments?post=14859"}],"version-history":[{"count":0,"href":"https:\/\/hostnetart.com.br\/baixada\/wp-json\/wp\/v2\/posts\/14859\/revisions"}],"wp:featuredmedia":[{"embeddable":true,"href":"https:\/\/hostnetart.com.br\/baixada\/wp-json\/wp\/v2\/media\/14858"}],"wp:attachment":[{"href":"https:\/\/hostnetart.com.br\/baixada\/wp-json\/wp\/v2\/media?parent=14859"}],"wp:term":[{"taxonomy":"category","embeddable":true,"href":"https:\/\/hostnetart.com.br\/baixada\/wp-json\/wp\/v2\/categories?post=14859"},{"taxonomy":"post_tag","embeddable":true,"href":"https:\/\/hostnetart.com.br\/baixada\/wp-json\/wp\/v2\/tags?post=14859"}],"curies":[{"name":"wp","href":"https:\/\/api.w.org\/{rel}","templated":true}]}}