{"id":14851,"date":"2023-12-26T14:43:16","date_gmt":"2023-12-26T17:43:16","guid":{"rendered":"https:\/\/hostnetart.com.br\/baixada\/empregados-do-bndes-aprovam-act-saude\/"},"modified":"2023-12-26T14:43:16","modified_gmt":"2023-12-26T17:43:16","slug":"empregados-do-bndes-aprovam-act-saude","status":"publish","type":"post","link":"https:\/\/hostnetart.com.br\/baixada\/empregados-do-bndes-aprovam-act-saude\/","title":{"rendered":"Empregados do BNDES aprovam ACT Sa\u00fade"},"content":{"rendered":"<p>Os funcion\u00e1rios do Banco Nacional de Desenvolvimento Econ\u00f4mico e Social (BNDES) aprovaram a proposta do <a href=\"https:\/\/www.afbndes.org.br\/wp-content\/uploads\/2023\/12\/ACT-Beneficio-de-Assistencia-e-Saude.pdf\" target=\"_blank\" rel=\"noopener noreferrer\">ACT sobre o Benef\u00edcio de Assist\u00eancia e Sa\u00fade<\/a> (ACT Sa\u00fade) do exerc\u00edcio de 2022-24.<\/p>\n<p>Foram 1.048 votos (56,40%) favor\u00e1veis nas assembleias extraordin\u00e1rias realizadas, nesta quinta-feira (21), no Rio de Janeiro, Distrito Federal, Pernambuco e S\u00e3o Paulo, as bases onde atuam os funcion\u00e1rios da institui\u00e7\u00e3o. Os votos contr\u00e1rios chegaram a 810 (43,60%).<\/p>\n<div class=\"wp-block-image\">\n<figure class=\"aligncenter size-large\"><img fetchpriority=\"high\" decoding=\"async\" class=\"wp-image-307947\" src=\"https:\/\/contrafcut.com.br\/wp-content\/uploads\/2023\/12\/votacao-ativos-bndes-12-23.jpeg\" sizes=\"(max-width: 929px) 100vw, 929px\" srcset=\"https:\/\/contrafcut.com.br\/wp-content\/uploads\/2023\/12\/votacao-ativos-bndes-12-23.jpeg 929w, https:\/\/contrafcut.com.br\/wp-content\/uploads\/2023\/12\/votacao-ativos-bndes-12-23-410x80.jpeg 410w, https:\/\/contrafcut.com.br\/wp-content\/uploads\/2023\/12\/votacao-ativos-bndes-12-23-768x150.jpeg 768w\" alt=\"\" width=\"929\" height=\"182\" data-cfsrc=\"https:\/\/contrafcut.com.br\/wp-content\/uploads\/2023\/12\/votacao-ativos-bndes-12-23.jpeg\" \/><figcaption>Participa\u00e7\u00e3o dos funcion\u00e1rios da ativa nas assembleias superou os 76%<\/figcaption><\/figure>\n<\/div>\n<p>A proposta aprovada foi constru\u00edda em um grupo de trabalho parit\u00e1rio e depois aprovada pela diretoria do banco. O BNDES tamb\u00e9m se comprometeu a pagar o reajuste do ACT passado, que o governo anterior bloqueou, de cerca de 5%, de forma retroativa.<\/p>\n<p>Para o vice-presidente da Confedera\u00e7\u00e3o Nacional dos Trabalhadores do Ramo Financeiro (Contraf-CUT), Vin\u00edcius de Assump\u00e7\u00e3o, \u201ca comiss\u00e3o de negocia\u00e7\u00e3o foi muito firme na luta pela garantia do direito adquirido, preservando o plano de sa\u00fade nas condi\u00e7\u00f5es atuais, um plano gratuito\u201d.<\/p>\n<p>Vin\u00edcius pontuou que, no longo processo de negocia\u00e7\u00e3o com o banco, \u201cimpedimos qualquer coparticipa\u00e7\u00e3o e mensalidade, que \u00e9 uma conquista hist\u00f3rica do funcionalismo do BNDES\u201d. Ele explicou que \u201cas \u00fanicas modifica\u00e7\u00f5es foram o reembolso casal e o congelamento do acesso dos genitores dos empregados ao plano\u201d.<\/p>\n<p>O presidente da Associa\u00e7\u00e3o de Empregados do BNDES (AFBNDES), Arthur Koblitz, observou que, na negocia\u00e7\u00e3o, foi derrotada a proposta do banco para implementar coparticipa\u00e7\u00e3o e mensalidade. \u201cA grande participa\u00e7\u00e3o do funcionalismo do BNDES confirmou a estrat\u00e9gia negocial que t\u00ednhamos em mesa. E o resultado final disso foi arrancar o reajuste do ano passado e manter os direitos adquiridos do plano de sa\u00fade preservados. Foi uma grande vit\u00f3ria\u201d, afirmou.<\/p>\n<p>O presidente do Sindicato dos Banc\u00e1rios do Rio de Janeiro (SeebRio), Jos\u00e9 Ferreira, lembrou que tamb\u00e9m foram aprovadas \u201cas cl\u00e1usulas sindicais, que fortalecem a associa\u00e7\u00e3o, sindicato, federa\u00e7\u00f5es e a confedera\u00e7\u00e3o, mas que tinham sido retiradas pelo governo Bolsonaro, resgatando o direito a reuni\u00f5es, utiliza\u00e7\u00e3o de audit\u00f3rio e retorno ao desconto na folha de pagamentos\u201d.<\/p>\n<p>Al\u00e9m do acordo, o banco se comprometeu a apresentar, no per\u00edodo de um ano, um novo plano, apenas para quem desejar migrar, com mensalidade e o atrativo do p\u00f3s-emprego (plano de sa\u00fade para a aposentadoria complementar da FAPES sem o INSS).<\/p>\n<p>Com pequena participa\u00e7\u00e3o, de apenas 59 votantes de um total de 1,703, os aposentados rejeitaram a proposta que tratava para eles no reembolso casal e genitores.<\/p>\n<div class=\"wp-block-image\">\n<figure class=\"aligncenter size-large\"><img decoding=\"async\" class=\"wp-image-307948\" src=\"https:\/\/contrafcut.com.br\/wp-content\/uploads\/2023\/12\/votacao-aposentados-bndes.jpeg\" sizes=\"(max-width: 588px) 100vw, 588px\" srcset=\"https:\/\/contrafcut.com.br\/wp-content\/uploads\/2023\/12\/votacao-aposentados-bndes.jpeg 588w, https:\/\/contrafcut.com.br\/wp-content\/uploads\/2023\/12\/votacao-aposentados-bndes-410x98.jpeg 410w\" alt=\"\" width=\"588\" height=\"141\" data-cfsrc=\"https:\/\/contrafcut.com.br\/wp-content\/uploads\/2023\/12\/votacao-aposentados-bndes.jpeg\" \/><figcaption>Apenas 59 aposentados participaram da vota\u00e7\u00e3o<\/figcaption><\/figure>\n<\/div>\n<p><b>Fonte: Contraf-CUT<\/b><\/p>\n","protected":false},"excerpt":{"rendered":"<p>Os funcion\u00e1rios do Banco Nacional de Desenvolvimento Econ\u00f4mico e Social (BNDES) aprovaram a proposta do ACT sobre o Benef\u00edcio de Assist\u00eancia e Sa\u00fade (ACT Sa\u00fade) do exerc\u00edcio de 2022-24. Foram 1.048 votos (56,40%) favor\u00e1veis nas assembleias extraordin\u00e1rias realizadas, nesta quinta-feira (21), no Rio de Janeiro, Distrito Federal, Pernambuco e S\u00e3o Paulo, as bases onde atuam [&hellip;]<\/p>\n","protected":false},"author":2,"featured_media":14850,"comment_status":"","ping_status":"","sticky":false,"template":"","format":"standard","meta":{"footnotes":""},"categories":[3],"tags":[],"class_list":["post-14851","post","type-post","status-publish","format-standard","has-post-thumbnail","hentry","category-noticias"],"_links":{"self":[{"href":"https:\/\/hostnetart.com.br\/baixada\/wp-json\/wp\/v2\/posts\/14851","targetHints":{"allow":["GET"]}}],"collection":[{"href":"https:\/\/hostnetart.com.br\/baixada\/wp-json\/wp\/v2\/posts"}],"about":[{"href":"https:\/\/hostnetart.com.br\/baixada\/wp-json\/wp\/v2\/types\/post"}],"author":[{"embeddable":true,"href":"https:\/\/hostnetart.com.br\/baixada\/wp-json\/wp\/v2\/users\/2"}],"replies":[{"embeddable":true,"href":"https:\/\/hostnetart.com.br\/baixada\/wp-json\/wp\/v2\/comments?post=14851"}],"version-history":[{"count":0,"href":"https:\/\/hostnetart.com.br\/baixada\/wp-json\/wp\/v2\/posts\/14851\/revisions"}],"wp:featuredmedia":[{"embeddable":true,"href":"https:\/\/hostnetart.com.br\/baixada\/wp-json\/wp\/v2\/media\/14850"}],"wp:attachment":[{"href":"https:\/\/hostnetart.com.br\/baixada\/wp-json\/wp\/v2\/media?parent=14851"}],"wp:term":[{"taxonomy":"category","embeddable":true,"href":"https:\/\/hostnetart.com.br\/baixada\/wp-json\/wp\/v2\/categories?post=14851"},{"taxonomy":"post_tag","embeddable":true,"href":"https:\/\/hostnetart.com.br\/baixada\/wp-json\/wp\/v2\/tags?post=14851"}],"curies":[{"name":"wp","href":"https:\/\/api.w.org\/{rel}","templated":true}]}}