{"id":1485,"date":"2013-09-13T00:00:00","date_gmt":"2013-09-13T03:00:00","guid":{"rendered":"https:\/\/hostnetart.com.br\/baixada\/bancarios-rejeitam-proposta-dos-bancos-e-decidem-greve-a-partir-do-dia-19\/"},"modified":"2013-09-13T00:00:00","modified_gmt":"2013-09-13T03:00:00","slug":"bancarios-rejeitam-proposta-dos-bancos-e-decidem-greve-a-partir-do-dia-19","status":"publish","type":"post","link":"https:\/\/hostnetart.com.br\/baixada\/bancarios-rejeitam-proposta-dos-bancos-e-decidem-greve-a-partir-do-dia-19\/","title":{"rendered":"Banc\u00e1rios rejeitam proposta dos bancos e decidem greve a partir do dia 19"},"content":{"rendered":"<p>Nas assembleias realizadas nesta quinta-feira \u00e0 noite em todo o pa\u00eds, os banc\u00e1rios rejeitaram a proposta de 6,1% de reajuste apresentada pela Fenaban e decidiram entrar em greve por tempo indeterminado a partir do dia 19, conforme orienta\u00e7\u00e3o do Comando Nacional, coordenado pela Contraf-CUT.<\/p>\n<p>Al\u00e9m de negar aumento real nos sal\u00e1rios, pisos, PLR e todas as verbas salariais (os 6,1% apenas recomp\u00f5em a infla\u00e7\u00e3o do per\u00edodo medida pelo INPC), a proposta da Fenaban ignora todas as reivindica\u00e7\u00f5es dos banc\u00e1rios sobre emprego, sa\u00fade e condi\u00e7\u00f5es de trabalho, seguran\u00e7a e igualdade de oportunidades.<\/p>\n<p>\u201cN\u00f3s advertimos os bancos na mesa de negocia\u00e7\u00f5es que essa proposta era uma provoca\u00e7\u00e3o. Um setor em que somente as seis maiores empresas tiveram lucro l\u00edquido de R$ 29,6 bilh\u00f5es no primeiro semestre e mant\u00eam a mais alta rentabilidade do planeta, gra\u00e7as ao aumento da produtividade de seus trabalhadores, acenar com uma proposta desse tipo \u00e9 pra empurrar os banc\u00e1rios para a greve\u201d, avalia Carlos Cordeiro, presidente da Contraf-CUT e coordenador do Comando Nacional.<\/p>\n<p>\u201cApesar desse lucro recorde, os bancos est\u00e3o fechando postos de trabalho e piorando as condi\u00e7\u00f5es de trabalho, com aumento das metas abusivas e do ass\u00e9dio moral, o que tem provocado uma verdadeira epidemia de adoecimentos na categoria. Por falta de investimento em seguran\u00e7a, tamb\u00e9m cresce o n\u00famero de assaltos, sequestros e mortes. Mas os banqueiros se recusam a discutir esses problemas. Por isso, a \u00fanica sa\u00edda da categoria \u00e9 a greve\u201d, acrescenta Cordeiro.<\/p>\n<p><strong>Intensificar a mobiliza\u00e7\u00e3o<\/strong><\/p>\n<p>A Contraf-CUT est\u00e1 orientando as entidades filiadas a intensificarem a mobiliza\u00e7\u00e3o em todo o pa\u00eds. \u201cNos \u00faltimos anos os banc\u00e1rios t\u00eam demonstrado um grande poder de mobiliza\u00e7\u00e3o e de press\u00e3o e por isso conquistaram aumentos reais de sal\u00e1rios e outros avan\u00e7os econ\u00f4micos e sociais. Somente uma greve muito forte da categoria far\u00e1 os bancos melhorarem a proposta\u201d, conclui Carlos Cordeiro.<\/p>\n<p>Segundo as informa\u00e7\u00f5es recebidas pela Contraf-CUT at\u00e9 \u00e0s 21h da quinta-feira, os banc\u00e1rios das bases dos seguintes sindicatos aprovaram a greve por tempo indeterminado a partir do dia 19:<\/p>\n<p>\u00a0<\/p>\n<table border=\"1\" cellspacing=\"0\" cellpadding=\"0\">\n<tbody>\n<tr>\n<td nowrap=\"nowrap\" width=\"133\"><strong>SINDICATO<\/strong><\/td>\n<td nowrap=\"nowrap\"><strong>RESULTADO<\/strong><\/td>\n<\/tr>\n<tr>\n<td nowrap=\"nowrap\" width=\"133\">S\u00e3o Paulo<\/td>\n<td nowrap=\"nowrap\">Rejeitou a proposta e aprovou greve a partir do dia 19<\/td>\n<\/tr>\n<tr>\n<td width=\"133\">Rio de Janeiro<\/td>\n<td nowrap=\"nowrap\">Rejeitou a proposta e aprovou greve a partir do dia 19<\/td>\n<\/tr>\n<tr>\n<td nowrap=\"nowrap\" width=\"133\">Bras\u00edlia<\/td>\n<td nowrap=\"nowrap\">Rejeitou a proposta e aprovou greve a partir do dia 19<\/td>\n<\/tr>\n<tr>\n<td nowrap=\"nowrap\" width=\"133\">Belo Horizonte<\/td>\n<td nowrap=\"nowrap\">Rejeitou a proposta e aprovou greve a partir do dia 19<\/td>\n<\/tr>\n<tr>\n<td nowrap=\"nowrap\" width=\"133\">Curitiba<\/td>\n<td nowrap=\"nowrap\">Rejeitou a proposta e aprovou greve a partir do dia 19<\/td>\n<\/tr>\n<tr>\n<td nowrap=\"nowrap\" width=\"133\">Porto Alegre<\/td>\n<td nowrap=\"nowrap\">Rejeitou a proposta e aprovou greve a partir do dia 19<\/td>\n<\/tr>\n<tr>\n<td nowrap=\"nowrap\" width=\"133\">Pernambuco<\/td>\n<td nowrap=\"nowrap\">Rejeitou a proposta e aprovou greve a partir do dia 19<\/td>\n<\/tr>\n<tr>\n<td nowrap=\"nowrap\" width=\"133\">Cear\u00e1<\/td>\n<td nowrap=\"nowrap\">Rejeitou a proposta e aprovou greve a partir do dia 19<\/td>\n<\/tr>\n<tr>\n<td nowrap=\"nowrap\" width=\"133\">Bahia<\/td>\n<td nowrap=\"nowrap\">Rejeitou a proposta e aprovou greve a partir do dia 19<\/td>\n<\/tr>\n<tr>\n<td nowrap=\"nowrap\" width=\"133\">Sergipe<\/td>\n<td nowrap=\"nowrap\">Rejeitou a proposta e aprovou greve a partir do dia 19<\/td>\n<\/tr>\n<tr>\n<td nowrap=\"nowrap\" width=\"133\">Alagoas<\/td>\n<td nowrap=\"nowrap\">Rejeitou a proposta e aprovou greve a partir do dia 19<\/td>\n<\/tr>\n<tr>\n<td nowrap=\"nowrap\" width=\"133\">Acre<\/td>\n<td nowrap=\"nowrap\">Rejeitou a proposta e aprovou greve a partir do dia 19<\/td>\n<\/tr>\n<tr>\n<td nowrap=\"nowrap\" width=\"133\">Para\u00edba<\/td>\n<td nowrap=\"nowrap\">Rejeitou a proposta e aprovou greve a partir do dia 19<\/td>\n<\/tr>\n<tr>\n<td nowrap=\"nowrap\" width=\"133\">Piau\u00ed<\/td>\n<td nowrap=\"nowrap\">Rejeitou a proposta e aprovou greve a partir do dia 19<\/td>\n<\/tr>\n<tr>\n<td nowrap=\"nowrap\" width=\"133\">Mato Grosso<\/td>\n<td nowrap=\"nowrap\">Rejeitou a proposta e aprovou greve a partir do dia 19<\/td>\n<\/tr>\n<tr>\n<td nowrap=\"nowrap\" width=\"133\">Campo Grande<\/td>\n<td nowrap=\"nowrap\">Rejeitou a proposta e aprovou greve a partir do dia 19<\/td>\n<\/tr>\n<tr>\n<td valign=\"bottom\" nowrap=\"nowrap\" width=\"133\">Esp\u00edrito Santo<\/td>\n<td valign=\"bottom\" nowrap=\"nowrap\">Rejeitou a proposta e aprovou greve a partir do dia 19<\/td>\n<\/tr>\n<tr>\n<td nowrap=\"nowrap\" width=\"133\">Rond\u00f4nia<\/td>\n<td nowrap=\"nowrap\">Rejeitou a proposta e aprovou greve a partir do dia 19<\/td>\n<\/tr>\n<tr>\n<td nowrap=\"nowrap\" width=\"133\">Maranh\u00e3o<\/td>\n<td nowrap=\"nowrap\">Rejeitou a proposta e aprovou greve a partir do dia 19<\/td>\n<\/tr>\n<tr>\n<td nowrap=\"nowrap\" width=\"133\">Florian\u00f3polis<\/td>\n<td nowrap=\"nowrap\">Rejeitou a proposta e aprovou greve a partir do dia 19<\/td>\n<\/tr>\n<tr>\n<td nowrap=\"nowrap\" width=\"133\">Par\u00e1<\/td>\n<td nowrap=\"nowrap\">Rejeitou a proposta e aprovou greve a partir do dia 19<\/td>\n<\/tr>\n<tr>\n<td nowrap=\"nowrap\" width=\"133\">Niter\u00f3i<\/td>\n<td nowrap=\"nowrap\">Rejeitou a proposta e aprovou greve a partir do dia 19<\/td>\n<\/tr>\n<tr>\n<td nowrap=\"nowrap\" width=\"133\">Campinas \u2013 SP<\/td>\n<td nowrap=\"nowrap\">Rejeitou a proposta e aprovou greve a partir do dia 19<\/td>\n<\/tr>\n<tr>\n<td nowrap=\"nowrap\" width=\"133\">Amap\u00e1<\/td>\n<td nowrap=\"nowrap\">Rejeitou a proposta e aprovou greve a partir do dia 19<\/td>\n<\/tr>\n<tr>\n<td nowrap=\"nowrap\" width=\"133\">ABC Paulista<\/td>\n<td nowrap=\"nowrap\">Rejeitou a proposta e aprovou greve a partir do dia 19<\/td>\n<\/tr>\n<tr>\n<td nowrap=\"nowrap\" width=\"133\">Guarulhos<\/td>\n<td nowrap=\"nowrap\">Rejeitou a proposta e aprovou greve a partir do dia 19<\/td>\n<\/tr>\n<tr>\n<td nowrap=\"nowrap\" width=\"133\">Londrina<\/td>\n<td nowrap=\"nowrap\">Rejeitou a proposta e aprovou greve a partir do dia 19<\/td>\n<\/tr>\n<tr>\n<td nowrap=\"nowrap\" width=\"133\">Uberaba<\/td>\n<td nowrap=\"nowrap\">Rejeitou a proposta e aprovou greve a partir do dia 19<\/td>\n<\/tr>\n<tr>\n<td nowrap=\"nowrap\" width=\"133\">Campina Grande<\/td>\n<td nowrap=\"nowrap\">Rejeitou a proposta e aprovou greve a partir do dia 19<\/td>\n<\/tr>\n<tr>\n<td nowrap=\"nowrap\" width=\"133\">Vit\u00f3ria da Conquista<\/td>\n<td nowrap=\"nowrap\">Rejeitou a proposta e aprovou greve a partir do dia 19<\/td>\n<\/tr>\n<tr>\n<td nowrap=\"nowrap\" width=\"133\">Novo Hamburgo<\/td>\n<td nowrap=\"nowrap\">Rejeitou a proposta e aprovou greve a partir do dia 19<\/td>\n<\/tr>\n<tr>\n<td nowrap=\"nowrap\" width=\"133\">Bragan\u00e7a Paulista<\/td>\n<td nowrap=\"nowrap\">Rejeitou a proposta e aprovou greve a partir do dia 19<\/td>\n<\/tr>\n<tr>\n<td nowrap=\"nowrap\" width=\"133\">Limeira<\/td>\n<td nowrap=\"nowrap\">Rejeitou a proposta e aprovou greve a partir do dia 19<\/td>\n<\/tr>\n<tr>\n<td nowrap=\"nowrap\" width=\"133\">Alegrete<\/td>\n<td nowrap=\"nowrap\">Rejeitou a proposta e aprovou greve a partir do dia 19<\/td>\n<\/tr>\n<tr>\n<td nowrap=\"nowrap\" width=\"133\">Mogi das Cruzes<\/td>\n<td nowrap=\"nowrap\">Rejeitou a proposta e aprovou greve a partir do dia 19<\/td>\n<\/tr>\n<tr>\n<td nowrap=\"nowrap\" width=\"133\">Vale do Ribeira<\/td>\n<td nowrap=\"nowrap\">Rejeitou a proposta e aprovou greve a partir do dia 19<\/td>\n<\/tr>\n<tr>\n<td nowrap=\"nowrap\" width=\"133\">Piracicaba<\/td>\n<td nowrap=\"nowrap\">Rejeitou a proposta e aprovou greve a partir do dia 19<\/td>\n<\/tr>\n<tr>\n<td nowrap=\"nowrap\" width=\"133\">Sul Fluminense<\/td>\n<td nowrap=\"nowrap\">Rejeitou a proposta e aprovou greve a partir do dia 19<\/td>\n<\/tr>\n<tr>\n<td nowrap=\"nowrap\" width=\"133\">Rondon\u00f3polis<\/td>\n<td nowrap=\"nowrap\">Rejeitou a proposta e aprovou greve a partir do dia 19<\/td>\n<\/tr>\n<tr>\n<td nowrap=\"nowrap\" width=\"133\">Juiz de Fora<\/td>\n<td nowrap=\"nowrap\">Rejeitou a proposta e aprovou greve a partir do dia 19<\/td>\n<\/tr>\n<tr>\n<td nowrap=\"nowrap\" width=\"133\">Campo Mour\u00e3o<\/td>\n<td nowrap=\"nowrap\">Rejeitou a proposta e aprovou greve a partir do dia 19<\/td>\n<\/tr>\n<tr>\n<td nowrap=\"nowrap\" width=\"133\">Cruz Alta<\/td>\n<td nowrap=\"nowrap\">Rejeitou a proposta e aprovou greve a partir do dia 19<\/td>\n<\/tr>\n<tr>\n<td nowrap=\"nowrap\" width=\"133\">Teres\u00f3polis<\/td>\n<td nowrap=\"nowrap\">Rejeitou a proposta e aprovou greve a partir do dia 19<\/td>\n<\/tr>\n<tr>\n<td nowrap=\"nowrap\" width=\"133\">Santa Maria<\/td>\n<td nowrap=\"nowrap\">Rejeitou a proposta e aprovou greve a partir do dia 19<\/td>\n<\/tr>\n<tr>\n<td nowrap=\"nowrap\" width=\"133\">Angra dos Reis<\/td>\n<td nowrap=\"nowrap\">Rejeitou a proposta e aprovou greve a partir do dia 19<\/td>\n<\/tr>\n<tr>\n<td nowrap=\"nowrap\" width=\"133\">Campos dos Goytacazes<\/td>\n<td nowrap=\"nowrap\">Rejeitou a proposta e aprovou greve a partir do dia 19<\/td>\n<\/tr>\n<tr>\n<td nowrap=\"nowrap\" width=\"133\">Bag\u00e9<\/td>\n<td nowrap=\"nowrap\">Rejeitou a proposta e aprovou greve a partir do dia 19<\/td>\n<\/tr>\n<tr>\n<td nowrap=\"nowrap\" width=\"133\">Maca\u00e9<\/td>\n<td nowrap=\"nowrap\">Rejeitou a proposta e aprovou greve a partir do dia 19<\/td>\n<\/tr>\n<tr>\n<td nowrap=\"nowrap\" width=\"133\">Santa Cruz do Sul<\/td>\n<td nowrap=\"nowrap\">Rejeitou a proposta e aprovou greve a partir do dia 19<\/td>\n<\/tr>\n<tr>\n<td nowrap=\"nowrap\" width=\"133\">Santa Rosa<\/td>\n<td nowrap=\"nowrap\">Rejeitou a proposta e aprovou greve a partir do dia 19<\/td>\n<\/tr>\n<tr>\n<td nowrap=\"nowrap\" width=\"133\">Dourados<\/td>\n<td nowrap=\"nowrap\">Rejeitou a proposta e aprovou greve a partir do dia 19<\/td>\n<\/tr>\n<tr>\n<td nowrap=\"nowrap\" width=\"133\">Ararangu\u00e1<\/td>\n<td nowrap=\"nowrap\">Rejeitou a proposta e aprovou greve a partir do dia 19<\/td>\n<\/tr>\n<tr>\n<td nowrap=\"nowrap\" width=\"133\">Vale do Ca\u00ed<\/td>\n<td nowrap=\"nowrap\">Rejeitou a proposta e aprovou greve a partir do dia 19<\/td>\n<\/tr>\n<tr>\n<td nowrap=\"nowrap\" width=\"133\">Apucarana<\/td>\n<td nowrap=\"nowrap\">Rejeitou a proposta e aprovou greve a partir do dia 19<\/td>\n<\/tr>\n<tr>\n<td nowrap=\"nowrap\" width=\"133\">Vale do Paranhana<\/td>\n<td nowrap=\"nowrap\">Rejeitou a proposta e aprovou greve a partir do dia 19<\/td>\n<\/tr>\n<tr>\n<td nowrap=\"nowrap\" width=\"133\">Extremo Sul da Bahia<\/td>\n<td nowrap=\"nowrap\">Rejeitou a proposta e aprovou greve a partir do dia 19<\/td>\n<\/tr>\n<tr>\n<td nowrap=\"nowrap\" width=\"133\">Navira\u00ed<\/td>\n<td nowrap=\"nowrap\">Rejeitou a proposta e aprovou greve a partir do dia 19<\/td>\n<\/tr>\n<tr>\n<td nowrap=\"nowrap\" width=\"133\">Corn\u00e9lio Proc\u00f3pio<\/td>\n<td nowrap=\"nowrap\">Rejeitou a proposta e aprovou greve a partir do dia 19<\/td>\n<\/tr>\n<tr>\n<td nowrap=\"nowrap\" width=\"133\">Paranava\u00ed<\/td>\n<td nowrap=\"nowrap\">Rejeitou a proposta e aprovou greve a partir do dia 19<\/td>\n<\/tr>\n<tr>\n<td nowrap=\"nowrap\" width=\"133\">Toledo<\/td>\n<td nowrap=\"nowrap\">Rejeitou a proposta e aprovou greve a partir do dia 19<\/td>\n<\/tr>\n<tr>\n<td nowrap=\"nowrap\" width=\"133\">Umuarama<\/td>\n<td nowrap=\"nowrap\">Rejeitou a proposta e aprovou greve a partir do dia 19<\/td>\n<\/tr>\n<tr>\n<td nowrap=\"nowrap\" width=\"133\">Guarapuava<\/td>\n<td nowrap=\"nowrap\">Rejeitou a proposta e aprovou greve a partir do dia 19<\/td>\n<\/tr>\n<tr>\n<td width=\"133\">Arapoti<\/td>\n<td nowrap=\"nowrap\">Rejeitou a proposta e aprovou greve a partir do dia 19<\/td>\n<\/tr>\n<tr>\n<td width=\"133\">S\u00e3o Miguel do Oeste<\/td>\n<td nowrap=\"nowrap\">Rejeitou a proposta e aprovou greve a partir do dia 19<\/td>\n<\/tr>\n<\/tbody>\n<\/table>\n<p><strong>Calend\u00e1rio de luta<\/strong><\/p>\n<p><strong>17 e 18<\/strong>\u00a0&#8211; Todos a Bras\u00edlia para pressionar os deputados federais durante a audi\u00eancia p\u00fablica sobre o PL 4330 no plen\u00e1rio da C\u00e2mara.<\/p>\n<p><strong>18<\/strong>\u00a0&#8211; Assembleia organizativa para encaminhar a greve.<\/p>\n<p><strong>19\u00a0<\/strong>&#8211; Deflagra\u00e7\u00e3o da greve nacional dos banc\u00e1rios por tempo indeterminado.<\/p>\n<p><strong>A proposta da Fenaban<\/strong><\/p>\n<p><strong>Reajuste<\/strong>\u00a0&#8211; 6,1% (infla\u00e7\u00e3o do per\u00edodo pelo INPC) sobre sal\u00e1rios, pisos e todas as verbas salariais (aux\u00edlio-refei\u00e7\u00e3o, cesta-alimenta\u00e7\u00e3o, aux\u00edlio-creche\/bab\u00e1 etc.)<\/p>\n<p><strong>PLR<\/strong>\u00a0&#8211; 90% do sal\u00e1rio mais valor fixo de R$ 1.633,94, limitado a R$ 8.927,61 (o que significa reajuste de 6,1% sobre os valores da PLR do ano passado).<\/p>\n<p><strong>Parcela adicional da PLR<\/strong>\u00a0&#8211; 2% do lucro l\u00edquido dividido linearmente a todos os banc\u00e1rios, limitado a R$ 3.267,88.<\/p>\n<p><strong>Adiantamento emergencial<\/strong>\u00a0&#8211; N\u00e3o devolu\u00e7\u00e3o do adiantamento emergencial de sal\u00e1rio para os afastados que recebem alta do INSS e s\u00e3o considerados inaptos pelo m\u00e9dico do trabalho em caso de recurso administrativo n\u00e3o aceito pelo INSS.<\/p>\n<p><strong>Preven\u00e7\u00e3o de conflitos no ambiente de trabalho<\/strong>\u00a0&#8211; Redu\u00e7\u00e3o do prazo de 60 para 45 dias para resposta dos bancos \u00e0s den\u00fancias encaminhadas pelos sindicatos, al\u00e9m de reuni\u00e3o espec\u00edfica com a Fenaban para discutir aprimoramento do programa.<\/p>\n<p><strong>Adoecimento de banc\u00e1rios<\/strong>\u00a0&#8211; Constitui\u00e7\u00e3o de grupo de trabalho, com n\u00edvel pol\u00edtico e t\u00e9cnico, para analisar as causas dos afastamentos.<\/p>\n<p><strong>Inova\u00e7\u00f5es tecnol\u00f3gicas<\/strong>\u00a0&#8211; Realiza\u00e7\u00e3o, em data a ser definida, de um Semin\u00e1rio sobre Tend\u00eancias da Tecnologia no Cen\u00e1rio Banc\u00e1rio Mundial.<\/p>\n<p><strong>As reivindica\u00e7\u00f5es dos banc\u00e1rios<\/strong><\/p>\n<p>&gt;\u00a0<strong>Reajuste salarial de 11,93%<\/strong>\u00a0(5% de aumento real al\u00e9m da infla\u00e7\u00e3o)<\/p>\n<p>&gt;\u00a0<strong>PLR<\/strong>: tr\u00eas sal\u00e1rios mais R$ 5.553,15.<\/p>\n<p>&gt;\u00a0<strong>Piso<\/strong>: R$ 2.860,21 (sal\u00e1rio m\u00ednimo do Dieese).<\/p>\n<p>&gt;\u00a0<strong>Aux\u00edlios<\/strong>\u00a0alimenta\u00e7\u00e3o, refei\u00e7\u00e3o, 13\u00aa cesta e aux\u00edlio-creche\/bab\u00e1: R$ 678 ao m\u00eas para cada (sal\u00e1rio m\u00ednimo nacional).<\/p>\n<p>&gt;\u00a0<strong>Melhores condi\u00e7\u00f5es de trabalho<\/strong>, com o fim das metas abusivas e do ass\u00e9dio moral que adoece os banc\u00e1rios.<\/p>\n<p>&gt;\u00a0<strong>Emprego<\/strong>: fim das demiss\u00f5es, mais contrata\u00e7\u00f5es, aumento da inclus\u00e3o banc\u00e1ria, combate \u00e0s terceiriza\u00e7\u00f5es, especialmente ao PL 4330 que precariza as condi\u00e7\u00f5es de trabalho, al\u00e9m da aplica\u00e7\u00e3o da Conven\u00e7\u00e3o 158 da OIT, que pro\u00edbe as dispensas imotivadas.<\/p>\n<p>&gt;\u00a0<strong>Plano de Cargos, Carreiras e Sal\u00e1rios (PCCS)<\/strong>\u00a0para todos os banc\u00e1rios.<\/p>\n<p>&gt;\u00a0<strong>Aux\u00edlio-educa\u00e7\u00e3o<\/strong>: pagamento para gradua\u00e7\u00e3o e p\u00f3s-gradua\u00e7\u00e3o.<\/p>\n<p>&gt;\u00a0<strong>Preven\u00e7\u00e3o contra assaltos e sequestros<\/strong>, com o fim da guarda das chaves de cofres e ag\u00eancias por banc\u00e1rios.<\/p>\n<p>&gt;\u00a0<strong>Igualdade de oportunidades<\/strong>\u00a0para banc\u00e1rios e banc\u00e1rias, com a contrata\u00e7\u00e3o de pelo menos 20% de negros e negras.<\/p>\n<p>Fonte: Contraf-CUT<\/p>\n","protected":false},"excerpt":{"rendered":"<p>Nas assembleias realizadas nesta quinta-feira \u00e0 noite em todo o pa\u00eds, os banc\u00e1rios rejeitaram a proposta de 6,1% de reajuste apresentada pela Fenaban e decidiram entrar em greve por tempo indeterminado a partir do dia 19, conforme orienta\u00e7\u00e3o do Comando Nacional, coordenado pela Contraf-CUT. Al\u00e9m de negar aumento real nos sal\u00e1rios, pisos, PLR e todas [&hellip;]<\/p>\n","protected":false},"author":1,"featured_media":0,"comment_status":"","ping_status":"","sticky":false,"template":"","format":"standard","meta":{"footnotes":""},"categories":[3],"tags":[],"class_list":["post-1485","post","type-post","status-publish","format-standard","hentry","category-noticias"],"_links":{"self":[{"href":"https:\/\/hostnetart.com.br\/baixada\/wp-json\/wp\/v2\/posts\/1485","targetHints":{"allow":["GET"]}}],"collection":[{"href":"https:\/\/hostnetart.com.br\/baixada\/wp-json\/wp\/v2\/posts"}],"about":[{"href":"https:\/\/hostnetart.com.br\/baixada\/wp-json\/wp\/v2\/types\/post"}],"author":[{"embeddable":true,"href":"https:\/\/hostnetart.com.br\/baixada\/wp-json\/wp\/v2\/users\/1"}],"replies":[{"embeddable":true,"href":"https:\/\/hostnetart.com.br\/baixada\/wp-json\/wp\/v2\/comments?post=1485"}],"version-history":[{"count":0,"href":"https:\/\/hostnetart.com.br\/baixada\/wp-json\/wp\/v2\/posts\/1485\/revisions"}],"wp:attachment":[{"href":"https:\/\/hostnetart.com.br\/baixada\/wp-json\/wp\/v2\/media?parent=1485"}],"wp:term":[{"taxonomy":"category","embeddable":true,"href":"https:\/\/hostnetart.com.br\/baixada\/wp-json\/wp\/v2\/categories?post=1485"},{"taxonomy":"post_tag","embeddable":true,"href":"https:\/\/hostnetart.com.br\/baixada\/wp-json\/wp\/v2\/tags?post=1485"}],"curies":[{"name":"wp","href":"https:\/\/api.w.org\/{rel}","templated":true}]}}