{"id":14849,"date":"2023-12-22T11:15:21","date_gmt":"2023-12-22T14:15:21","guid":{"rendered":"https:\/\/hostnetart.com.br\/baixada\/confira-o-funcionamento-dos-bancos-no-natal-e-ano-novo\/"},"modified":"2023-12-22T11:15:21","modified_gmt":"2023-12-22T14:15:21","slug":"confira-o-funcionamento-dos-bancos-no-natal-e-ano-novo","status":"publish","type":"post","link":"https:\/\/hostnetart.com.br\/baixada\/confira-o-funcionamento-dos-bancos-no-natal-e-ano-novo\/","title":{"rendered":"Confira o funcionamento dos bancos no Natal e Ano Novo"},"content":{"rendered":"<p>A Federa\u00e7\u00e3o Brasileira dos Bancos (Febraban) informou na \u00faltima segunda-feira, 18 de dezembro, sobre o funcionamento dos bancos no final de ano.<\/p>\n<p>O \u00faltimo dia \u00fatil do ano para atendimento presencial ao p\u00fablico ser\u00e1 <span dir=\"ltr\">28 de dezembro<\/span>. J\u00e1 no dia <span dir=\"ltr\">29 de dezembro<\/span>, as institui\u00e7\u00f5es financeiras n\u00e3o abrem para atendimento presencial.<\/p>\n<p>Por serem feriados, os bancos tamb\u00e9m n\u00e3o funcionar\u00e3o nos dias <span dir=\"ltr\">25 de dezembro<\/span> (Natal) e <span dir=\"ltr\">1\u00ba de janeiro de 2024<\/span> (Confraterniza\u00e7\u00e3o Universal).<\/p>\n","protected":false},"excerpt":{"rendered":"<p>A Federa\u00e7\u00e3o Brasileira dos Bancos (Febraban) informou na \u00faltima segunda-feira, 18 de dezembro, sobre o funcionamento dos bancos no final de ano. O \u00faltimo dia \u00fatil do ano para atendimento presencial ao p\u00fablico ser\u00e1 28 de dezembro. J\u00e1 no dia 29 de dezembro, as institui\u00e7\u00f5es financeiras n\u00e3o abrem para atendimento presencial. Por serem feriados, os [&hellip;]<\/p>\n","protected":false},"author":2,"featured_media":14848,"comment_status":"","ping_status":"","sticky":false,"template":"","format":"standard","meta":{"footnotes":""},"categories":[3],"tags":[],"class_list":["post-14849","post","type-post","status-publish","format-standard","has-post-thumbnail","hentry","category-noticias"],"_links":{"self":[{"href":"https:\/\/hostnetart.com.br\/baixada\/wp-json\/wp\/v2\/posts\/14849","targetHints":{"allow":["GET"]}}],"collection":[{"href":"https:\/\/hostnetart.com.br\/baixada\/wp-json\/wp\/v2\/posts"}],"about":[{"href":"https:\/\/hostnetart.com.br\/baixada\/wp-json\/wp\/v2\/types\/post"}],"author":[{"embeddable":true,"href":"https:\/\/hostnetart.com.br\/baixada\/wp-json\/wp\/v2\/users\/2"}],"replies":[{"embeddable":true,"href":"https:\/\/hostnetart.com.br\/baixada\/wp-json\/wp\/v2\/comments?post=14849"}],"version-history":[{"count":0,"href":"https:\/\/hostnetart.com.br\/baixada\/wp-json\/wp\/v2\/posts\/14849\/revisions"}],"wp:featuredmedia":[{"embeddable":true,"href":"https:\/\/hostnetart.com.br\/baixada\/wp-json\/wp\/v2\/media\/14848"}],"wp:attachment":[{"href":"https:\/\/hostnetart.com.br\/baixada\/wp-json\/wp\/v2\/media?parent=14849"}],"wp:term":[{"taxonomy":"category","embeddable":true,"href":"https:\/\/hostnetart.com.br\/baixada\/wp-json\/wp\/v2\/categories?post=14849"},{"taxonomy":"post_tag","embeddable":true,"href":"https:\/\/hostnetart.com.br\/baixada\/wp-json\/wp\/v2\/tags?post=14849"}],"curies":[{"name":"wp","href":"https:\/\/api.w.org\/{rel}","templated":true}]}}