{"id":14843,"date":"2023-12-20T19:36:34","date_gmt":"2023-12-20T22:36:34","guid":{"rendered":"https:\/\/hostnetart.com.br\/baixada\/reforma-tributaria-foi-promulgada-nesta-quarta-feira-20\/"},"modified":"2023-12-20T19:36:34","modified_gmt":"2023-12-20T22:36:34","slug":"reforma-tributaria-foi-promulgada-nesta-quarta-feira-20","status":"publish","type":"post","link":"https:\/\/hostnetart.com.br\/baixada\/reforma-tributaria-foi-promulgada-nesta-quarta-feira-20\/","title":{"rendered":"Reforma tribut\u00e1ria foi promulgada nesta quarta-feira (20)"},"content":{"rendered":"<div class=\"elementor-element elementor-element-194680ec elementor-widget elementor-widget-theme-post-content\" data-id=\"194680ec\" data-element_type=\"widget\" data-widget_type=\"theme-post-content.default\">\n<div class=\"elementor-widget-container\">\n<p>A Proposta de Emenda \u00e0 Constitui\u00e7\u00e3o <a href=\"https:\/\/www.camara.leg.br\/proposicoesWeb\/fichadetramitacao?idProposicao=2196833\" target=\"_blank\" rel=\"noopener noreferrer\">(PEC) 45\/2019<\/a>, que simplifica impostos sobre o consumo, prev\u00ea a cria\u00e7\u00e3o de fundos para o desenvolvimento regional e para bancar cr\u00e9ditos do ICMS at\u00e9 2032, al\u00e9m de unificar a legisla\u00e7\u00e3o dos novos tributos, <a href=\"https:\/\/contrafcut.com.br\/noticias\/aprovada-reforma-tributaria-deve-ser-promulgada-na-quarta-feira-20\/\" target=\"_blank\" rel=\"noopener noreferrer\">aprovada na sexta-feira (15)<\/a> pela C\u00e2mara dos Deputados, passa oficialmente a fazer parte da Constitui\u00e7\u00e3o Federal nesta quarta-feira (20), ap\u00f3s <a href=\"https:\/\/www.camara.leg.br\/noticias\/1027138-camara-conclui-votacao-da-reforma-tributaria-texto-sera-promulgado-na-quarta-feira\/\" target=\"_blank\" rel=\"noopener noreferrer\">ter sido promulgada<\/a>.<\/p>\n<p>\u201c\u00c9 um marco hist\u00f3rico para nosso pa\u00eds. Muitos outros governos j\u00e1 haviam tentado fazer esta reforma e agora o governo Lula conseguiu articular for\u00e7as para faz\u00ea-la\u201d, ressaltou o secret\u00e1rio de Rela\u00e7\u00f5es do Trabalho e respons\u00e1vel da Confedera\u00e7\u00e3o Nacional dos Trabalhadores do Ramo Financeiro (Contraf-CUT) pelo acompanhamento da tramita\u00e7\u00e3o das pautas de interesse da classe trabalhadora no Congresso Nacional, Jeferson Meira, o Jef\u00e3o. \u201cAs mudan\u00e7as j\u00e1 realizadas t\u00eam poder para promover melhoras na economia do pa\u00eds. E n\u00f3s, estaremos vigilantes para cobrar que as melhorias beneficiem tamb\u00e9m as trabalhadoras e os trabalhadores do nosso pa\u00eds\u201d, completou.<\/p>\n<p>Um dos exemplos das melhoras citadas pelo dirigente da Contraf-CUT \u00e9 a <a href=\"https:\/\/www1.folha.uol.com.br\/mercado\/2023\/12\/sp-eleva-nota-de-credito-soberano-do-brasil-para-bb.shtml\" target=\"_blank\" rel=\"noopener noreferrer\">eleva\u00e7\u00e3o da nota de cr\u00e9dito do pa\u00eds<\/a>, nesta ter\u00e7a-feira (19), pela ag\u00eancia de classifica\u00e7\u00e3o de risco S&amp;P Global Ratings. Com a eleva\u00e7\u00e3o da nota de cr\u00e9dito, os investidores estrangeiros ficam mais propensos a investir no pa\u00eds. Al\u00e9m disso, com menor risco, o Brasil pode pagar menos pelo dinheiro investido.<\/p>\n<p>O secret\u00e1rio de Assuntos Socioecon\u00f4micos da Contraf-CUT, Walcir Previtale, disse que estudos apontam que a reforma tribut\u00e1ria <a href=\"https:\/\/agenciabrasil.ebc.com.br\/economia\/noticia\/2023-12\/reforma-tribut%C3%A1ria-deve-gerar-empregos-e-neg%C3%B3cios-diz-secret%C3%A1rio\" target=\"_blank\" rel=\"noopener noreferrer\">pode promover o crescimento econ\u00f4mico<\/a>, com gera\u00e7\u00e3o de empregos e neg\u00f3cios. \u201cMas precisamos ficar atentos e mobilizados para impedir que a classe empresarial se aproprie dos benef\u00edcios que podem ser gerados para toda a sociedade, utilizando-os apenas para aumentar ainda mais seus lucros em preju\u00edzo dos trabalhadores e de toda a sociedade\u201d, alertou.<\/p>\n<h3><strong>Ir al\u00e9m<\/strong><\/h3>\n<p>A presidenta da Contraf-CUT, Juvandia Moreira, tamb\u00e9m destaca a import\u00e2ncia das mudan\u00e7as realizadas. \u201c<a href=\"https:\/\/www.camara.leg.br\/noticias\/1026887-deputados-ressaltam-simplificacao-como-ponto-principal-da-reforma-tributaria\/\" target=\"_blank\" rel=\"noopener noreferrer\">A simplifica\u00e7\u00e3o do sistema<\/a> facilita a vida do contribuinte e pode gerar aumento da arrecada\u00e7\u00e3o sem aumento da carga tribut\u00e1ria. E isso permite que o governo invista mais sem aumentar o d\u00e9ficit fiscal\u201d, disse.<\/p>\n<p>Mas, para Juvandia, \u201c\u00e9 preciso que a reforma v\u00e1 al\u00e9m e avance na tributa\u00e7\u00e3o sobre as grandes fortunas e as altas rendas, para permitir aliviar a carga tribut\u00e1ria cobrada dos mais pobres sem que o governo perda a capacidade de promo\u00e7\u00e3o de pol\u00edticas p\u00fablicas sociais\u201d, defendeu ao lembrar que a tributa\u00e7\u00e3o sobre grandes fortunas est\u00e1 prevista no inciso VII do art. 153 da Constitui\u00e7\u00e3o Federal de 1988, mas precisa ser regulamentada por meio de Lei Complementar.<\/p>\n<p>A Contraf-CUT e diversas outras entidades que defendem propostas para aumentar a justi\u00e7a fiscal no pa\u00eds cobram que haja corre\u00e7\u00e3o anual da tabela do Imposto de Renda e, al\u00e9m disso, que sejam criadas novas faixas de al\u00edquotas para tributar mais quem ganha muito e n\u00e3o cobrar de quem ganha pouco.<\/p>\n<p>\u201cTamb\u00e9m \u00e9 preciso acabar com a isen\u00e7\u00e3o sobre a distribui\u00e7\u00e3o de dividendos, que disfar\u00e7a o recebimento de altos rendimentos por executivos de grandes empresas. Esta \u00e9 outra forma de arrecadarmos mais de quem ganha mais para promover justi\u00e7a fiscal e social no pa\u00eds\u201d, completou Juvandia.<\/p>\n<\/div>\n<\/div>\n<p><strong>Fonte: Contraf-CUT<\/strong><\/p>\n","protected":false},"excerpt":{"rendered":"<p>A Proposta de Emenda \u00e0 Constitui\u00e7\u00e3o (PEC) 45\/2019, que simplifica impostos sobre o consumo, prev\u00ea a cria\u00e7\u00e3o de fundos para o desenvolvimento regional e para bancar cr\u00e9ditos do ICMS at\u00e9 2032, al\u00e9m de unificar a legisla\u00e7\u00e3o dos novos tributos, aprovada na sexta-feira (15) pela C\u00e2mara dos Deputados, passa oficialmente a fazer parte da Constitui\u00e7\u00e3o Federal [&hellip;]<\/p>\n","protected":false},"author":2,"featured_media":14842,"comment_status":"","ping_status":"","sticky":false,"template":"","format":"standard","meta":{"footnotes":""},"categories":[3],"tags":[],"class_list":["post-14843","post","type-post","status-publish","format-standard","has-post-thumbnail","hentry","category-noticias"],"_links":{"self":[{"href":"https:\/\/hostnetart.com.br\/baixada\/wp-json\/wp\/v2\/posts\/14843","targetHints":{"allow":["GET"]}}],"collection":[{"href":"https:\/\/hostnetart.com.br\/baixada\/wp-json\/wp\/v2\/posts"}],"about":[{"href":"https:\/\/hostnetart.com.br\/baixada\/wp-json\/wp\/v2\/types\/post"}],"author":[{"embeddable":true,"href":"https:\/\/hostnetart.com.br\/baixada\/wp-json\/wp\/v2\/users\/2"}],"replies":[{"embeddable":true,"href":"https:\/\/hostnetart.com.br\/baixada\/wp-json\/wp\/v2\/comments?post=14843"}],"version-history":[{"count":0,"href":"https:\/\/hostnetart.com.br\/baixada\/wp-json\/wp\/v2\/posts\/14843\/revisions"}],"wp:featuredmedia":[{"embeddable":true,"href":"https:\/\/hostnetart.com.br\/baixada\/wp-json\/wp\/v2\/media\/14842"}],"wp:attachment":[{"href":"https:\/\/hostnetart.com.br\/baixada\/wp-json\/wp\/v2\/media?parent=14843"}],"wp:term":[{"taxonomy":"category","embeddable":true,"href":"https:\/\/hostnetart.com.br\/baixada\/wp-json\/wp\/v2\/categories?post=14843"},{"taxonomy":"post_tag","embeddable":true,"href":"https:\/\/hostnetart.com.br\/baixada\/wp-json\/wp\/v2\/tags?post=14843"}],"curies":[{"name":"wp","href":"https:\/\/api.w.org\/{rel}","templated":true}]}}