{"id":14841,"date":"2023-12-20T19:35:35","date_gmt":"2023-12-20T22:35:35","guid":{"rendered":"https:\/\/hostnetart.com.br\/baixada\/fetraf-rj-es-se-reune-com-relacoes-sindicais-do-itau\/"},"modified":"2023-12-20T19:35:35","modified_gmt":"2023-12-20T22:35:35","slug":"fetraf-rj-es-se-reune-com-relacoes-sindicais-do-itau","status":"publish","type":"post","link":"https:\/\/hostnetart.com.br\/baixada\/fetraf-rj-es-se-reune-com-relacoes-sindicais-do-itau\/","title":{"rendered":"Fetraf RJ\/ES se re\u00fane com Rela\u00e7\u00f5es Sindicais do Ita\u00fa"},"content":{"rendered":"<p>Nesta ter\u00e7a-feira, 19 de dezembro, diretoras e diretores de todos os Sindicatos dos Banc\u00e1rios de base da Federa\u00e7\u00e3o dos Trabalhadores do Ramo Financeiro dos Estados do Rio de Janeiro e Esp\u00edrito Santo (Fetraf RJ\/ES) \u2013 Angra dos Reis, Baixada Fluminense, Esp\u00edrito Santo, Itaperuna, Maca\u00e9, Nova Friburgo e Tr\u00eas Rios -, estiveram reunidos, virtualmente, com Simone Dias e Gustavo Fernandes, representantes da Ger\u00eancia de Rela\u00e7\u00f5es Sindicais do Banco Ita\u00fa.<\/p>\n<p>Foram debatidas na reuni\u00e3o, pautas relativas \u00e0 sa\u00fade, metas e condi\u00e7\u00f5es de trabalho, como: envio de DUT, agendamento de ASO ao retornar do INSS, falta de atendimento telef\u00f4nico para n\u00e3o licenciados, acesso ao IU Conecta e a falta de transpar\u00eancia na antecipa\u00e7\u00e3o do \u201cadiantamento de sal\u00e1rio\u201d.<\/p>\n<p>Nilton Dami\u00e3o, Presidente da Fetraf RJ\/ES, comentou: \u201cNossa Federa\u00e7\u00e3o deixou clara que n\u00f3s, do movimento sindical e dos sindicatos de nossa base, iremos estar atentos ao que ocorre nas ag\u00eancias, e estaremos em constante fiscaliza\u00e7\u00e3o para constatar as condi\u00e7\u00f5es de trabalho. Se necess\u00e1rio, iremos denunciar os bancos, pois os mesmos prometeram tomar provid\u00eancias em rela\u00e7\u00e3o aos gestores que n\u00e3o estiverem com a conduta correta. E, em rela\u00e7\u00e3o ao ar condicionado, importante neste ver\u00e3o brasileiro, caso ainda existam locais de trabalho com problemas na climatiza\u00e7\u00e3o, iremos paralisar o funcionamento.\u201d<\/p>\n<p>Nilton tamb\u00e9m lembrou que 2024 \u00e9 ano de Campanha Nacional e que o ranqueamento \u00e9 proibido por Conven\u00e7\u00e3o, solicitando que esta pr\u00e1tica cesse.<\/p>\n<p>Para Max Bezerra, Diretor de Bancos Privados, \u201ca reuni\u00e3o foi uma oportunidade para verificar que v\u00e1rias demandas s\u00e3o comuns nas mais diversas bases, servindo para avan\u00e7armos e melhorarmos o cotidiano dos banc\u00e1rios e das banc\u00e1rias\u201d.<\/p>\n<p>J\u00e1 para Jos\u00e9 Renato Riscado, representante da Fetraf RJ\/ES na Comiss\u00e3o de Organiza\u00e7\u00e3o dos Empregados (COE) do Ita\u00fa, destacou a import\u00e2ncia de reuni\u00f5es com o banco. \u201cEssas reuni\u00f5es s\u00e3o importantes para debater, cobrar e agilizar as solu\u00e7\u00f5es das principais demandas de banc\u00e1rias e banc\u00e1rios\u201d.<\/p>\n<p><u>RESPOSTAS DO BANCO<\/u><\/p>\n<p>Ap\u00f3s os representantes dos Sindicatos falarem sobre os problemas espec\u00edficos de suas bases, Simone Dias e Gustavo Fernandes explicaram a posi\u00e7\u00e3o que o banco toma e tem em rela\u00e7\u00e3o ao que foi debatido.<\/p>\n<p><strong>Licen\u00e7a para o banco<\/strong> \u2013 o banco disse que, nos \u00faltimos meses, tiveram mudan\u00e7as no site do INSS. E que, agora, s\u00f3 se consegue agendar pelo 135. Est\u00e3o revendo a maneira de trabalhar, porque n\u00e3o est\u00e3o dando conta da demanda. O tema est\u00e1 sendo discutido, ali\u00e1s, na mesa da Febraban. Pediram para Juvandia Moreira, Presidenta da Contraf-CUT, ver uma agenda com o ministro da previd\u00eancia.<\/p>\n<p><strong>Marca\u00e7\u00f5es por parte do colaborador<\/strong> \u2013 pediram para, o quanto antes, informar ao banco para emiss\u00e3o da DUT.<\/p>\n<p><strong>Atualiza\u00e7\u00e3o da licen\u00e7a<\/strong> \u2013 ainda \u00e9 com o gestor. A vontade do banco \u00e9 que o pr\u00f3prio funcion\u00e1rio envie para o banco, sem passar para o gestor. Est\u00e3o vendo essa possibilidade.<\/p>\n<p><strong>Exame de retorno ao trabalho<\/strong> \u2013 o pr\u00f3prio funcion\u00e1rio consegue agendar. A inten\u00e7\u00e3o \u00e9 aumentar o dinamismo. Quanto \u00e0s faltas, se tiver alguma situa\u00e7\u00e3o que n\u00e3o corresponda ao correto, entre em contato, que eles ir\u00e3o acertar.<\/p>\n<p><strong>IU Conecta<\/strong> \u2013 caso o funcion\u00e1rio tenha dificuldade em acessar, no app existe a possibilidade de recuperar senha. A TI est\u00e1 resolvendo a funcionalidade para quem est\u00e1 voltando de licen\u00e7a. Para dirigentes sindicais, eles entrar\u00e3o em contato para saber o que est\u00e1 havendo, j\u00e1 que a senha expira mais r\u00e1pido que dos colaboradores \u201cnormais\u201d.<\/p>\n<p><strong>Complementa\u00e7\u00e3o\/antecipa\u00e7\u00e3o<\/strong> \u2013 o banco est\u00e1 revendo, para chegar numa maneira mais f\u00e1cil de entendimento. Est\u00e1 desenvolvendo um simulador para saber os valores que a pessoa recebeu e quanto ter\u00e1 que devolver. 2024 devem entregar isso, assim como o simulador da PLR.<\/p>\n<p><strong>Parcelamento de f\u00e9rias<\/strong> \u2013 os gestores n\u00e3o t\u00eam orienta\u00e7\u00e3o dos bancos para proibirem ou interferirem na marca\u00e7\u00e3o de f\u00e9rias, caso o funcion\u00e1rio resolva tirar 30 dias de descanso. Caso isso ocorra, os banc\u00e1rios devem denunciar ao seu sindicato.<\/p>\n<p><strong>Cl\u00ednicas<\/strong> \u2013 s\u00e3o casos pontuais, para o banco. As cl\u00ednicas tem autonomia geral. Mas tem que ser passado o resultado do exame no mesmo dia. Falou que pode ir\u00e1 analisar casos espec\u00edficos, que ver\u00e1 com a equipe m\u00e9dica do banco.<\/p>\n<p><strong>Faltas<\/strong> \u2013 ver com gestores a possibilidade para remanejamentos.<\/p>\n<p><strong>Ranking<\/strong> \u2013 o banco n\u00e3o tolera a quest\u00e3o do ranking. N\u00e3o querem saber quem \u00e9 o primeiro ou \u00faltimo da ag\u00eancia. N\u00e3o incentivam ranking. Mas, por vezes, ocorrem de parabenizar pessoas com bons desempenhos, desde que n\u00e3o se identifique quem n\u00e3o tem um bom desempenho, por ventura.<\/p>\n<p><strong>Central e Chat<\/strong> \u2013 Gustavo disse que fez um teste e deu certo. V\u00e3o ver se melhoram as respostas, que sejam mais esclarecedoras e n\u00e3o t\u00e3o autom\u00e1ticas, ou tenham uma interpreta\u00e7\u00e3o mais correta e objetiva, clara<\/p>\n<p><u>PR\u00d3XIMA REUNI\u00c3O<\/u><\/p>\n<p>Ainda n\u00e3o h\u00e1 data para uma nova reuni\u00e3o, mas ambas as partes manifestaram o desejo de se reunirem presencialmente na sede da Fetraf RJ\/ES, no Rio de Janeiro, ainda em janeiro.<\/p>\n<p><b>Fonte: Fetraf RJ\/ES<\/b><\/p>\n","protected":false},"excerpt":{"rendered":"<p>Nesta ter\u00e7a-feira, 19 de dezembro, diretoras e diretores de todos os Sindicatos dos Banc\u00e1rios de base da Federa\u00e7\u00e3o dos Trabalhadores do Ramo Financeiro dos Estados do Rio de Janeiro e Esp\u00edrito Santo (Fetraf RJ\/ES) \u2013 Angra dos Reis, Baixada Fluminense, Esp\u00edrito Santo, Itaperuna, Maca\u00e9, Nova Friburgo e Tr\u00eas Rios -, estiveram reunidos, virtualmente, com Simone [&hellip;]<\/p>\n","protected":false},"author":2,"featured_media":14840,"comment_status":"","ping_status":"","sticky":false,"template":"","format":"standard","meta":{"footnotes":""},"categories":[3],"tags":[],"class_list":["post-14841","post","type-post","status-publish","format-standard","has-post-thumbnail","hentry","category-noticias"],"_links":{"self":[{"href":"https:\/\/hostnetart.com.br\/baixada\/wp-json\/wp\/v2\/posts\/14841","targetHints":{"allow":["GET"]}}],"collection":[{"href":"https:\/\/hostnetart.com.br\/baixada\/wp-json\/wp\/v2\/posts"}],"about":[{"href":"https:\/\/hostnetart.com.br\/baixada\/wp-json\/wp\/v2\/types\/post"}],"author":[{"embeddable":true,"href":"https:\/\/hostnetart.com.br\/baixada\/wp-json\/wp\/v2\/users\/2"}],"replies":[{"embeddable":true,"href":"https:\/\/hostnetart.com.br\/baixada\/wp-json\/wp\/v2\/comments?post=14841"}],"version-history":[{"count":0,"href":"https:\/\/hostnetart.com.br\/baixada\/wp-json\/wp\/v2\/posts\/14841\/revisions"}],"wp:featuredmedia":[{"embeddable":true,"href":"https:\/\/hostnetart.com.br\/baixada\/wp-json\/wp\/v2\/media\/14840"}],"wp:attachment":[{"href":"https:\/\/hostnetart.com.br\/baixada\/wp-json\/wp\/v2\/media?parent=14841"}],"wp:term":[{"taxonomy":"category","embeddable":true,"href":"https:\/\/hostnetart.com.br\/baixada\/wp-json\/wp\/v2\/categories?post=14841"},{"taxonomy":"post_tag","embeddable":true,"href":"https:\/\/hostnetart.com.br\/baixada\/wp-json\/wp\/v2\/tags?post=14841"}],"curies":[{"name":"wp","href":"https:\/\/api.w.org\/{rel}","templated":true}]}}