{"id":1484,"date":"2013-09-12T00:00:00","date_gmt":"2013-09-12T03:00:00","guid":{"rendered":"https:\/\/hostnetart.com.br\/baixada\/com-salarios-atrasados-vigilantes-terceirizados-param-bb-em-uberlandia\/"},"modified":"2013-09-12T00:00:00","modified_gmt":"2013-09-12T03:00:00","slug":"com-salarios-atrasados-vigilantes-terceirizados-param-bb-em-uberlandia","status":"publish","type":"post","link":"https:\/\/hostnetart.com.br\/baixada\/com-salarios-atrasados-vigilantes-terceirizados-param-bb-em-uberlandia\/","title":{"rendered":"Com sal\u00e1rios atrasados, vigilantes terceirizados param BB em Uberl\u00e2ndia"},"content":{"rendered":"<p>A press\u00e3o dos vigilantes que prestam servi\u00e7os para o Banco do Brasil das cidades de Uberl\u00e2ndia, Monte Alegre, Ituiutaba e Tupaciguara, no interior de Minas Gerais, garantiu na ter\u00e7a-feira (10) o pagamento dos sal\u00e1rios em atraso. Aproximadamente 60 trabalhadores da CJF, terceirizada respons\u00e1vel pela seguran\u00e7a, haviam cruzado os bra\u00e7os.<\/p>\n<p>\u00a0<br \/>Segundo o presidente do Sindicato dos Vigilantes de Uberl\u00e2ndia, Juliano Ribeiro Modesto, o superintendente do BB chamou a comiss\u00e3o de trabalhadores para conversar e j\u00e1 realizou todos os pagamentos. O dirigente sindical conta que em julho houve uma negocia\u00e7\u00e3o com a empresa, inclusive envolvendo o Minist\u00e9rio P\u00fablico do Trabalho (MPT), para que n\u00e3o houvesse mais atraso. \u201cComo isso voltou a acontecer, resolvemos buscar uma solu\u00e7\u00e3o junto ao BB\u201d, explica.<\/p>\n<p>\u00a0<br \/>Os vigilantes afirmaram que h\u00e1 seis meses os sal\u00e1rios v\u00eam sendo pagos de forma irregular e, at\u00e9 hoje, existem benef\u00edcios, horas extras e adicionais a ser recebidos. \u201cTenho pouco mais de R$ 200 para receber s\u00f3 de adicional noturno. Como pai de fam\u00edlia, faz falta\u201d, afirmou o vigilante Rodrigo Batista.<\/p>\n<p>\u00a0<br \/>Trata-se de mais um retrato da precariza\u00e7\u00e3o do trabalho terceirizado no Brasil, que o Projeto de Lei n\u00ba 4330, do deputado Sandro Mabel (PMDB-GO), tenta legalizar para aumentar os lucros das empresas. Por isso, as centrais sindicais est\u00e3o pressionando os parlamentares, buscando o arquivamento dessa iniciativa que n\u00e3o atende os interesses da classe trabalhadora.<\/p>\n<p>\u00a0<\/p>\n<p>Fonte: Contraf-CUT com CNTV<\/p>\n","protected":false},"excerpt":{"rendered":"<p>A press\u00e3o dos vigilantes que prestam servi\u00e7os para o Banco do Brasil das cidades de Uberl\u00e2ndia, Monte Alegre, Ituiutaba e Tupaciguara, no interior de Minas Gerais, garantiu na ter\u00e7a-feira (10) o pagamento dos sal\u00e1rios em atraso. Aproximadamente 60 trabalhadores da CJF, terceirizada respons\u00e1vel pela seguran\u00e7a, haviam cruzado os bra\u00e7os. \u00a0Segundo o presidente do Sindicato dos [&hellip;]<\/p>\n","protected":false},"author":1,"featured_media":0,"comment_status":"","ping_status":"","sticky":false,"template":"","format":"standard","meta":{"footnotes":""},"categories":[3],"tags":[],"class_list":["post-1484","post","type-post","status-publish","format-standard","hentry","category-noticias"],"_links":{"self":[{"href":"https:\/\/hostnetart.com.br\/baixada\/wp-json\/wp\/v2\/posts\/1484","targetHints":{"allow":["GET"]}}],"collection":[{"href":"https:\/\/hostnetart.com.br\/baixada\/wp-json\/wp\/v2\/posts"}],"about":[{"href":"https:\/\/hostnetart.com.br\/baixada\/wp-json\/wp\/v2\/types\/post"}],"author":[{"embeddable":true,"href":"https:\/\/hostnetart.com.br\/baixada\/wp-json\/wp\/v2\/users\/1"}],"replies":[{"embeddable":true,"href":"https:\/\/hostnetart.com.br\/baixada\/wp-json\/wp\/v2\/comments?post=1484"}],"version-history":[{"count":0,"href":"https:\/\/hostnetart.com.br\/baixada\/wp-json\/wp\/v2\/posts\/1484\/revisions"}],"wp:attachment":[{"href":"https:\/\/hostnetart.com.br\/baixada\/wp-json\/wp\/v2\/media?parent=1484"}],"wp:term":[{"taxonomy":"category","embeddable":true,"href":"https:\/\/hostnetart.com.br\/baixada\/wp-json\/wp\/v2\/categories?post=1484"},{"taxonomy":"post_tag","embeddable":true,"href":"https:\/\/hostnetart.com.br\/baixada\/wp-json\/wp\/v2\/tags?post=1484"}],"curies":[{"name":"wp","href":"https:\/\/api.w.org\/{rel}","templated":true}]}}