{"id":14825,"date":"2023-12-14T13:53:54","date_gmt":"2023-12-14T16:53:54","guid":{"rendered":"https:\/\/hostnetart.com.br\/baixada\/funcef-contraf-cut-cobra-participacao-sindical-nos-debates-sobre-equacionamento\/"},"modified":"2023-12-14T13:53:54","modified_gmt":"2023-12-14T16:53:54","slug":"funcef-contraf-cut-cobra-participacao-sindical-nos-debates-sobre-equacionamento","status":"publish","type":"post","link":"https:\/\/hostnetart.com.br\/baixada\/funcef-contraf-cut-cobra-participacao-sindical-nos-debates-sobre-equacionamento\/","title":{"rendered":"Funcef: Contraf-CUT cobra participa\u00e7\u00e3o sindical nos debates sobre equacionamento"},"content":{"rendered":"<p>A Confedera\u00e7\u00e3o Nacional dos Trabalhadores do Ramo Financeiro (Contraf-CUT) enviou, nesta quarta-feira (13), um of\u00edcio para a Caixa Econ\u00f4mica Federal e para a Funda\u00e7\u00e3o dos Economi\u00e1rios Federais (Funcef) cobrando a participa\u00e7\u00e3o da representa\u00e7\u00e3o sindical nos debates sobre o equacionamento de d\u00e9ficits do Plano Reg Replan Saldado e N\u00e3o Saldado da Funcef, que \u00e9 a respons\u00e1vel pelos planos de previd\u00eancia das empregadas e empregados.<\/p>\n<p>No of\u00edcio, a Contraf-CUT ressalta que recebeu \u201ccom grande entusiasmo a informa\u00e7\u00e3o de que a Caixa far\u00e1 todos os esfor\u00e7os poss\u00edveis para solucionar o equacionamento de d\u00e9ficits do Plano Reg Replan Saldado e N\u00e3o Saldado da Funda\u00e7\u00e3o dos Economi\u00e1rios Federais (Funcef), uma vez que esta \u00e9 uma <a href=\"https:\/\/contrafcut.com.br\/noticias\/contraf-cut-e-fenae-cobram-solucao-para-o-equacionamento-da-funcef\" target=\"_blank\" rel=\"noopener noreferrer\">cobran\u00e7a antiga<\/a> das empregadas e empregados que participam dos planos citados.\u201d<\/p>\n<p>Segundo <a href=\"https:\/\/www.funcef.com.br\/portal\/menu-principal\/comunicacao\/caixa-e-funcef-iniciam-grupo-de-trabalho-para-fortalecer-estudos-com-foco-no-equacionamento.htm\" target=\"_blank\" rel=\"noopener noreferrer\">texto divulgado pela Funcef<\/a> em seu site, \u201co grupo t\u00e9cnico do GT \u00e9 composto por oito empregados, sendo quatro da Caixa e quatro da Funcef, que s\u00e3o especialistas nos temas de previd\u00eancia complementar e em sistemas de amortiza\u00e7\u00e3o. O prazo previsto para conclus\u00e3o dos trabalhos \u00e9 de at\u00e9 90 dias.\u201d<\/p>\n<p>\u201c\u00c9 uma sinaliza\u00e7\u00e3o importante que a Caixa e a Funcef tenham criado um GT para tentar avan\u00e7ar na solu\u00e7\u00e3o dos d\u00e9ficits. No entanto, sentimos falta de membros da representa\u00e7\u00e3o sindical das empregadas e empregados participantes dos planos na composi\u00e7\u00e3o do grupo\u201d, disse a coordenadora da Comiss\u00e3o Executiva dos Empregados (CEE), Fabiana Uehara Proscholdt, ao ressaltar que os trabalhadores s\u00e3o os maiores interessados na solu\u00e7\u00e3o do equacionamento dos d\u00e9ficits e que s\u00e3o deles os recursos da funda\u00e7\u00e3o. \u201cPor isso, solicitamos a revis\u00e3o da composi\u00e7\u00e3o deste GT, para a inclus\u00e3o da representa\u00e7\u00e3o sindical entre seus membros. Assim como tamb\u00e9m solicitamos a participa\u00e7\u00e3o nos demais GTs, em especial o da revis\u00e3o do Estatuto da Caixa\u201d, completou.<\/p>\n<p><em><strong>Fonte: Contraf-CUT<\/strong><\/em><\/p>\n","protected":false},"excerpt":{"rendered":"<p>A Confedera\u00e7\u00e3o Nacional dos Trabalhadores do Ramo Financeiro (Contraf-CUT) enviou, nesta quarta-feira (13), um of\u00edcio para a Caixa Econ\u00f4mica Federal e para a Funda\u00e7\u00e3o dos Economi\u00e1rios Federais (Funcef) cobrando a participa\u00e7\u00e3o da representa\u00e7\u00e3o sindical nos debates sobre o equacionamento de d\u00e9ficits do Plano Reg Replan Saldado e N\u00e3o Saldado da Funcef, que \u00e9 a respons\u00e1vel [&hellip;]<\/p>\n","protected":false},"author":2,"featured_media":14824,"comment_status":"","ping_status":"","sticky":false,"template":"","format":"standard","meta":{"footnotes":""},"categories":[3],"tags":[],"class_list":["post-14825","post","type-post","status-publish","format-standard","has-post-thumbnail","hentry","category-noticias"],"_links":{"self":[{"href":"https:\/\/hostnetart.com.br\/baixada\/wp-json\/wp\/v2\/posts\/14825","targetHints":{"allow":["GET"]}}],"collection":[{"href":"https:\/\/hostnetart.com.br\/baixada\/wp-json\/wp\/v2\/posts"}],"about":[{"href":"https:\/\/hostnetart.com.br\/baixada\/wp-json\/wp\/v2\/types\/post"}],"author":[{"embeddable":true,"href":"https:\/\/hostnetart.com.br\/baixada\/wp-json\/wp\/v2\/users\/2"}],"replies":[{"embeddable":true,"href":"https:\/\/hostnetart.com.br\/baixada\/wp-json\/wp\/v2\/comments?post=14825"}],"version-history":[{"count":0,"href":"https:\/\/hostnetart.com.br\/baixada\/wp-json\/wp\/v2\/posts\/14825\/revisions"}],"wp:featuredmedia":[{"embeddable":true,"href":"https:\/\/hostnetart.com.br\/baixada\/wp-json\/wp\/v2\/media\/14824"}],"wp:attachment":[{"href":"https:\/\/hostnetart.com.br\/baixada\/wp-json\/wp\/v2\/media?parent=14825"}],"wp:term":[{"taxonomy":"category","embeddable":true,"href":"https:\/\/hostnetart.com.br\/baixada\/wp-json\/wp\/v2\/categories?post=14825"},{"taxonomy":"post_tag","embeddable":true,"href":"https:\/\/hostnetart.com.br\/baixada\/wp-json\/wp\/v2\/tags?post=14825"}],"curies":[{"name":"wp","href":"https:\/\/api.w.org\/{rel}","templated":true}]}}