{"id":1482,"date":"2013-09-12T00:00:00","date_gmt":"2013-09-12T03:00:00","guid":{"rendered":"https:\/\/hostnetart.com.br\/baixada\/contraf-chama-mobilizacao-contra-pl-4330-nos-dias-17-e-18-em-brasilia\/"},"modified":"2013-09-12T00:00:00","modified_gmt":"2013-09-12T03:00:00","slug":"contraf-chama-mobilizacao-contra-pl-4330-nos-dias-17-e-18-em-brasilia","status":"publish","type":"post","link":"https:\/\/hostnetart.com.br\/baixada\/contraf-chama-mobilizacao-contra-pl-4330-nos-dias-17-e-18-em-brasilia\/","title":{"rendered":"Contraf chama mobiliza\u00e7\u00e3o contra PL 4330 nos dias 17 e 18 em Bras\u00edlia"},"content":{"rendered":"<p>A Contraf-CUT convoca novamente sindicatos e federa\u00e7\u00f5es de banc\u00e1rios de todo pa\u00eds a participarem da forte mobiliza\u00e7\u00e3o nos dias 17 e 18, em Bras\u00edlia, contra o PL 4330, do deputado federal Sandro Mabel (PMDB-GO), que prev\u00ea a terceiriza\u00e7\u00e3o de todas as \u00e1reas das empresas.<\/p>\n<p>\u00a0<\/p>\n<p>Na ter\u00e7a-feira, dia 17, haver\u00e1 visitas aos gabinetes dos deputados para buscar aumentar o apoio contra esse projeto nocivo para a classe trabalhadora e o Brasil. E na quarta-feira, dia 18, \u00e0s 10h, ocorrer\u00e1 audi\u00eancia p\u00fablica no plen\u00e1rio da C\u00e2mara, com a participa\u00e7\u00e3o de autoridades e convidados.<\/p>\n<p>\u00a0<br \/>Conforme decis\u00e3o do Comando Nacional dos Banc\u00e1rios, reunido no \u00faltimo dia 5, em S\u00e3o Paulo, \u00e9 fundamental a participa\u00e7\u00e3o de delega\u00e7\u00f5es de todos os estados.<\/p>\n<p>\u00a0<br \/>\u201cComo ap\u00f3s a audi\u00eancia p\u00fablica, o presidente da C\u00e2mara, deputado Henrique Alves (PMDB-RN), vai decidir os rumos da tramita\u00e7\u00e3o do PL 4330, precisamos fazer press\u00e3o dentro e fora do Congresso Nacional para mostrar que esse projeto tem que ser arquivado porque n\u00e3o representa os interesses dos trabalhadores e do pa\u00eds\u201d, afirma Carlos Cordeiro, presidente da Contraf-CUT.<\/p>\n<p>\u00a0<br \/>\u201cTemos que impedir a aprova\u00e7\u00e3o do requerimento de urg\u00eancia das lideran\u00e7as partid\u00e1rias, pois esse projeto \u00e9 prejudicial para os empregos e os direitos dos trabalhadores\u201d, refor\u00e7a Miguel Pereira, secret\u00e1rio de Organiza\u00e7\u00e3o do Ramo Financeiro da Contraf-CUT.<\/p>\n<p>\u00a0<br \/>O momento exige combinar a press\u00e3o sobre os deputados contra o PL 4330 e a mobiliza\u00e7\u00e3o sobre os bancos para arrancar conquistas na Campanha Nacional dos Banc\u00e1rios 2013. Vem pra luta!<\/p>\n<p>\u00a0<br \/>Fonte: Contraf-CUT<\/p>\n","protected":false},"excerpt":{"rendered":"<p>A Contraf-CUT convoca novamente sindicatos e federa\u00e7\u00f5es de banc\u00e1rios de todo pa\u00eds a participarem da forte mobiliza\u00e7\u00e3o nos dias 17 e 18, em Bras\u00edlia, contra o PL 4330, do deputado federal Sandro Mabel (PMDB-GO), que prev\u00ea a terceiriza\u00e7\u00e3o de todas as \u00e1reas das empresas. \u00a0 Na ter\u00e7a-feira, dia 17, haver\u00e1 visitas aos gabinetes dos deputados [&hellip;]<\/p>\n","protected":false},"author":1,"featured_media":0,"comment_status":"","ping_status":"","sticky":false,"template":"","format":"standard","meta":{"footnotes":""},"categories":[3],"tags":[],"class_list":["post-1482","post","type-post","status-publish","format-standard","hentry","category-noticias"],"_links":{"self":[{"href":"https:\/\/hostnetart.com.br\/baixada\/wp-json\/wp\/v2\/posts\/1482","targetHints":{"allow":["GET"]}}],"collection":[{"href":"https:\/\/hostnetart.com.br\/baixada\/wp-json\/wp\/v2\/posts"}],"about":[{"href":"https:\/\/hostnetart.com.br\/baixada\/wp-json\/wp\/v2\/types\/post"}],"author":[{"embeddable":true,"href":"https:\/\/hostnetart.com.br\/baixada\/wp-json\/wp\/v2\/users\/1"}],"replies":[{"embeddable":true,"href":"https:\/\/hostnetart.com.br\/baixada\/wp-json\/wp\/v2\/comments?post=1482"}],"version-history":[{"count":0,"href":"https:\/\/hostnetart.com.br\/baixada\/wp-json\/wp\/v2\/posts\/1482\/revisions"}],"wp:attachment":[{"href":"https:\/\/hostnetart.com.br\/baixada\/wp-json\/wp\/v2\/media?parent=1482"}],"wp:term":[{"taxonomy":"category","embeddable":true,"href":"https:\/\/hostnetart.com.br\/baixada\/wp-json\/wp\/v2\/categories?post=1482"},{"taxonomy":"post_tag","embeddable":true,"href":"https:\/\/hostnetart.com.br\/baixada\/wp-json\/wp\/v2\/tags?post=1482"}],"curies":[{"name":"wp","href":"https:\/\/api.w.org\/{rel}","templated":true}]}}