{"id":14815,"date":"2023-12-12T12:32:18","date_gmt":"2023-12-12T15:32:18","guid":{"rendered":"https:\/\/hostnetart.com.br\/baixada\/campanha-por-juros-baixos-segue-com-protestos-nesta-terca-12\/"},"modified":"2023-12-12T12:32:18","modified_gmt":"2023-12-12T15:32:18","slug":"campanha-por-juros-baixos-segue-com-protestos-nesta-terca-12","status":"publish","type":"post","link":"https:\/\/hostnetart.com.br\/baixada\/campanha-por-juros-baixos-segue-com-protestos-nesta-terca-12\/","title":{"rendered":"Campanha por juros baixos segue, com protestos nesta ter\u00e7a (12)"},"content":{"rendered":"<p>Trabalhadores e trabalhadoras voltam a se reunir na pr\u00f3xima ter\u00e7a-feira (12), data do in\u00edcio da \u00faltima reuni\u00e3o do ano do Comit\u00ea de Pol\u00edticas Monet\u00e1rias (Copom) do Banco Central (BC), para definir mudan\u00e7as na taxa b\u00e1sica de juros da economia brasileira (Selic).<\/p>\n<p>\u201cNossa campanha \u00e9 por emprego e renda, porque a Selic elevad\u00edssima reflete nas taxas de juros cobradas pelas institui\u00e7\u00f5es financeiras no cr\u00e9dito, o que prejudica o investimento produtivo, atrapalha a economia e encarece a vida de todos n\u00f3s. Al\u00e9m disso, aumenta a d\u00edvida do Estado brasileiro com o pagamento de juros dos t\u00edtulos da d\u00edvida p\u00fablica\u201d, explica a presidenta da Confedera\u00e7\u00e3o Nacional dos Trabalhadores do Ramo Financeiro (Contraf-CUT) e vice-presidenta da Central \u00danica dos Trabalhadores (CUT), Juvandia Moreira.<\/p>\n<p>O movimento #JurosBaixosJ\u00e1 come\u00e7ou em fevereiro. \u201cNa \u00e9poca, a Selic estava sendo mantida em 13,75%, desde agosto de 2022, e seguiu nesse patamar at\u00e9 agosto deste ano. Por isso iniciamos uma intensa press\u00e3o nas redes sociais e nas ruas, com materiais did\u00e1ticos em v\u00eddeos para explicar \u00e0 popula\u00e7\u00e3o o que isso significa: cr\u00e9dito mais caro para as fam\u00edlias e empresas, travando o crescimento do pa\u00eds e aumentando o endividamento de todos n\u00f3s\u201d, enfatiza o secret\u00e1rio de Assuntos Econ\u00f4micos da Contraf-CUT, Walcir Previtale.<\/p>\n<p>A pr\u00e1tica, pelo Banco Central, de uma pol\u00edtica monet\u00e1ria contracionista (que promove a desacelera\u00e7\u00e3o do PIB e do consumo), at\u00e9 agosto passado, tamb\u00e9m levou a entidade a\u00a0<a href=\"https:\/\/www.cut.org.br\/noticias\/juros-altos-do-banco-central-dificultam-credito-para-a-maioria-das-empresas-diz-e2fb\">sofrer press\u00f5es de setores da ind\u00fastria<\/a>\u00a0e do governo Federal.<\/p>\n<p>\u201cO problema n\u00e3o \u00e9 de um banco independente ou ligado ao governo. O problema \u00e9 que este pa\u00eds tem uma cultura de viver com juros altos, que n\u00e3o combina com a necessidade de crescimento que n\u00f3s temos\u201d,\u00a0<a href=\"https:\/\/www.canalrural.com.br\/economia\/lula-critica-juro-nao-existe-justificativa-para-estar-em-1375\/\">declarou o presidente Lula em fevereiro<\/a>\u00a0ao refor\u00e7ar que, j\u00e1 naquele momento, n\u00e3o existia justificativa alguma para uma Selic em 13,75%, que somente beneficiava detentores dos t\u00edtulos da d\u00edvida p\u00fablica, que em sua grande maioria,\u00a0<a href=\"https:\/\/diplomatique.org.br\/o-dreno-financeiro-que-paralisa-o-pais\/\">est\u00e3o nas m\u00e3os dos 10% mais ricos do pa\u00eds<\/a>.\u00a0<\/p>\n<p>Diante da press\u00e3o, que levou at\u00e9 mesmo o presidente do Banco Central, Roberto Campos Neto, a\u00a0<a href=\"https:\/\/contrafcut.com.br\/noticias\/campos-neto-nao-consegue-justificar-selic-a-1375-no-senado\/\">comparecer em audi\u00eancia ao Senado para justificar a manuten\u00e7\u00e3o da Selic em 13,75%<\/a>, finalmente, em agosto deste ano, o Copom deu in\u00edcio a um ciclo de redu\u00e7\u00e3o da taxa b\u00e1sica de juros de 0,50% a cada rodada do encontro, que ocorre a cada dois meses.<\/p>\n<p>Na \u00faltima reuni\u00e3o do comit\u00ea, realizado nos dias 31 de outubro e 1\u00ba de novembro, a Selic alcan\u00e7ou o patamar de 12,25%, o menor n\u00edvel desde mar\u00e7o de 2022 mas, ainda assim, capaz de impedir que a economia do pa\u00eds acelere mais r\u00e1pido.<\/p>\n<p>\u201cEm agosto de 2023, por exemplo, o gasto do Governo Federal com juros da d\u00edvida chegou a R$ 689 bilh\u00f5es em doze meses (quase 20% a mais do que nos doze meses anteriores). Esse valor representa quase 2 vezes o gasto previsto para todo o ano de 2023 com Bolsa Fam\u00edlia (R$ 145 bilh\u00f5es), com a Farm\u00e1cia Popular (R$ 2 bilh\u00f5es), Minha Casa Minha Vida (R$ 9,7 bilh\u00f5es), Educa\u00e7\u00e3o (R$ 11,2 bilh\u00f5es) e Sa\u00fade (R$ 182,6 bilh\u00f5es)\u201d, explica a economista da subse\u00e7\u00e3o do Dieese na Contraf-CUT, Vivian Machado. \u201cOu seja, com a redu\u00e7\u00e3o dos juros o Estado teria um or\u00e7amento muito mais justo e equilibrado, beneficiando a economia como um todo e quem realmente precisa: a sociedade e especialmente das fam\u00edlias que mais dependem de pol\u00edticas p\u00fablicas\u201d, completa. \u00a0<\/p>\n<figure class=\"wp-block-embed-youtube wp-block-embed is-type-video is-provider-youtube wp-embed-aspect-16-9 wp-has-aspect-ratio\">\n<div class=\"wp-block-embed__wrapper\">\u00a0<\/div>\n<\/figure>\n<h3><strong>Taxa ideal<\/strong><\/h3>\n<p>Economistas de tend\u00eancia desenvolvimentista avaliam que uma taxa b\u00e1sica de juros razo\u00e1vel deveria estar no patamar de, pelo menos, um d\u00edgito. A t\u00edtulo de compara\u00e7\u00e3o, os pa\u00edses da OCDE (Organiza\u00e7\u00e3o para a Coopera\u00e7\u00e3o e Desenvolvimento Econ\u00f4mico, que re\u00fane 38 pa\u00edses de economias mais avan\u00e7adas) trabalham com juros b\u00e1sicos muito mais baixos que o brasileiro. Na Uni\u00e3o Europeia, por exemplo, o \u00edndice est\u00e1 em 4%. Entretanto, o Brasil n\u00e3o poderia reduzir a Selic para esse n\u00edvel por ter moeda menos valorizada.<\/p>\n<h3><strong>Participe tamb\u00e9m das manifesta\u00e7\u00f5es<\/strong><\/h3>\n<p>As concentra\u00e7\u00f5es dos atos do dia 12 v\u00e3o acontecer em frente dos pr\u00e9dios do Banco Central. Nas cidades onde a entidade n\u00e3o tem sede, os sindicatos chamam a concentra\u00e7\u00e3o para locais de grande circula\u00e7\u00e3o. Entre 11h e 12h tamb\u00e9m ocorrer\u00e3o a\u00e7\u00f5es nas redes sociais, com a hashtag #JurosBaixosJ\u00e1, com a marca\u00e7\u00e3o do Banco Central (@BancoCentralBR) nas postagens.<\/p>\n<p>\u201cEssas manifesta\u00e7\u00f5es n\u00e3o s\u00e3o somente do movimento sindical, mas de toda a sociedade, ent\u00e3o convidamos a todas e todos que puderem e quiserem participar a acompanhar a gente, seja nas ruas ou nas redes sociais\u201d, pontua Walcir Previtale.<\/p>\n<p>Confira os endere\u00e7os para manifesta\u00e7\u00f5es em frente \u00e0s sedes do Banco Central:<\/p>\n<p>\u2013 Bras\u00edlia (DF): Setor Banc\u00e1rio Sul (SBS), Quadra 3 Bloco B \u2013 Ed. Sede. Bras\u00edlia;<br \/>\u2013 Bel\u00e9m (PA): Boulevard Castilhos Fran\u00e7a, 708 \u2013 Campina;<br \/>\u2013 Belo Horizonte (MG): Av. \u00c1lvares Cabral, 1.605 \u2013 Santo Agostinho;<br \/>\u2013 Curitiba (PR): Av. C\u00e2ndido de Abreu, 344 \u2013 Centro C\u00edvico;<br \/>\u2013 Fortaleza (CE): Av. Her\u00e1clito Gra\u00e7a, 273 \u2013 Centro;<br \/>\u2013 Porto Alegre (RS): Rua 7 de Setembro, 586 \u2013 Centro;<br \/>\u2013 Rio de Janeiro (RJ): Av. Presidente Vargas, 730 \u2013 Centro;<br \/>\u2013 Salvador (BA): 1\u00aa Avenida, 160 \u2013 Centro Administrativo da Bahia (CAB);<br \/>\u2013 S\u00e3o Paulo (SP): Av. Paulista, 1.804 \u2013 Bela Vista.<\/p>\n<p><strong>Fonte: Contraf-CUT<\/strong><\/p>\n","protected":false},"excerpt":{"rendered":"<p>Trabalhadores e trabalhadoras voltam a se reunir na pr\u00f3xima ter\u00e7a-feira (12), data do in\u00edcio da \u00faltima reuni\u00e3o do ano do Comit\u00ea de Pol\u00edticas Monet\u00e1rias (Copom) do Banco Central (BC), para definir mudan\u00e7as na taxa b\u00e1sica de juros da economia brasileira (Selic). \u201cNossa campanha \u00e9 por emprego e renda, porque a Selic elevad\u00edssima reflete nas taxas [&hellip;]<\/p>\n","protected":false},"author":2,"featured_media":14814,"comment_status":"","ping_status":"","sticky":false,"template":"","format":"standard","meta":{"footnotes":""},"categories":[3],"tags":[],"class_list":["post-14815","post","type-post","status-publish","format-standard","has-post-thumbnail","hentry","category-noticias"],"_links":{"self":[{"href":"https:\/\/hostnetart.com.br\/baixada\/wp-json\/wp\/v2\/posts\/14815","targetHints":{"allow":["GET"]}}],"collection":[{"href":"https:\/\/hostnetart.com.br\/baixada\/wp-json\/wp\/v2\/posts"}],"about":[{"href":"https:\/\/hostnetart.com.br\/baixada\/wp-json\/wp\/v2\/types\/post"}],"author":[{"embeddable":true,"href":"https:\/\/hostnetart.com.br\/baixada\/wp-json\/wp\/v2\/users\/2"}],"replies":[{"embeddable":true,"href":"https:\/\/hostnetart.com.br\/baixada\/wp-json\/wp\/v2\/comments?post=14815"}],"version-history":[{"count":0,"href":"https:\/\/hostnetart.com.br\/baixada\/wp-json\/wp\/v2\/posts\/14815\/revisions"}],"wp:featuredmedia":[{"embeddable":true,"href":"https:\/\/hostnetart.com.br\/baixada\/wp-json\/wp\/v2\/media\/14814"}],"wp:attachment":[{"href":"https:\/\/hostnetart.com.br\/baixada\/wp-json\/wp\/v2\/media?parent=14815"}],"wp:term":[{"taxonomy":"category","embeddable":true,"href":"https:\/\/hostnetart.com.br\/baixada\/wp-json\/wp\/v2\/categories?post=14815"},{"taxonomy":"post_tag","embeddable":true,"href":"https:\/\/hostnetart.com.br\/baixada\/wp-json\/wp\/v2\/tags?post=14815"}],"curies":[{"name":"wp","href":"https:\/\/api.w.org\/{rel}","templated":true}]}}