{"id":14811,"date":"2023-12-12T12:28:31","date_gmt":"2023-12-12T15:28:31","guid":{"rendered":"https:\/\/hostnetart.com.br\/baixada\/congresso-em-bogota-abordou-desafios-de-bancos-publicos-latino-americanos\/"},"modified":"2023-12-12T12:28:31","modified_gmt":"2023-12-12T15:28:31","slug":"congresso-em-bogota-abordou-desafios-de-bancos-publicos-latino-americanos","status":"publish","type":"post","link":"https:\/\/hostnetart.com.br\/baixada\/congresso-em-bogota-abordou-desafios-de-bancos-publicos-latino-americanos\/","title":{"rendered":"Congresso em Bogot\u00e1 abordou desafios de bancos p\u00fablicos latino-americanos"},"content":{"rendered":"<p>Representantes sindicais de v\u00e1rios bancos p\u00fablicos de toda a Am\u00e9rica Latina participaram do 1\u00ba Congresso Nacional e Internacional de Banco Central, Sistema Financeiro e Desenvolvimento Econ\u00f4mico, nos dias 23 e 24 de novembro, na capital da Col\u00f4mbia (Bogot\u00e1), realizado pela Asociaci\u00f3n Nacional de Empleados Del Banco de La Rep\u00fablica (Anebre) e pela Uni Global Union, sindicato global que representa mais de 20 milh\u00f5es de trabalhadores em todo o mundo.<\/p>\n<p>\u201cSem a exist\u00eancia dos bancos p\u00fablicos \u00e9 muito prov\u00e1vel que a defasagem de infraestrutura para \u00e1reas important\u00edssimas, como saneamento b\u00e1sico, rodovias e para outros modais de transporte, fosse ainda maior nos pa\u00edses em desenvolvimento\u201d, destacou a empregada da Caixa Econ\u00f4mica Federal e coordenadora do grupo de trabalho de Bancos P\u00fablicos da Confedera\u00e7\u00e3o Nacional dos Trabalhadores do Ramo Financeiro (Contraf-CUT), Eliana Brasil, uma das representantes do movimento sindical banc\u00e1rio brasileiro no congresso.<\/p>\n<p>\u201cOs bancos p\u00fablicos t\u00eam papel importante no desenvolvimento econ\u00f4mico e social em qualquer pa\u00eds do mundo. S\u00e3o ferramentas de Estado para direcionar investimentos p\u00fablicos de m\u00e9dio e longo prazo em \u00e1reas estrat\u00e9gicas, como infraestrutura, habita\u00e7\u00e3o, agricultura e agroneg\u00f3cio\u201d, complementou Fernanda Lopes, secret\u00e1ria da Mulher da Confedera\u00e7\u00e3o dos Trabalhadores do Ramo Financeiro (Contraf-CUT) e que tamb\u00e9m fez parte da delega\u00e7\u00e3o brasileira no evento.<\/p>\n<p>As pautas do congresso foram divididas nos seguintes pain\u00e9is:<\/p>\n<ul>\n<li>Evolu\u00e7\u00e3o dos Bancos Centrais e Sistemas Financeiros Nacionais e Internacionais.<\/li>\n<li>Bancos Centrais e Sistema Financeiro: os modelos em disputa.<\/li>\n<li>Estrat\u00e9gias diante das crises: pol\u00edticas, financeiras e econ\u00f4micas.<\/li>\n<li>Banco P\u00fablico com perspectivas de g\u00eanero.<\/li>\n<li>Sistematiza\u00e7\u00e3o das propostas realizadas.<\/li>\n<\/ul>\n<p>Os bancos p\u00fablicos, que funcionam como instrumento de fomento, s\u00e3o comuns principalmente nos pa\u00edses desenvolvidos.<a href=\"https:\/\/agenciadenoticias.bndes.gov.br\/detalhe\/fatoboato\/Fato-Muitos-paises-tem-bancos-de-desenvolvimento-semelhantes-ao-BNDES\/\" target=\"_blank\" rel=\"noopener noreferrer\">\u00a0Cada institui\u00e7\u00e3o tem uma forma pr\u00f3pria de operar<\/a>, mas todas com o objetivo de complementar as ofertas de cr\u00e9dito do sistema financeiro privado, auxiliar na implementa\u00e7\u00e3o de pol\u00edticas p\u00fablicas e, tamb\u00e9m, para que os setores p\u00fablicos e privados possam assumir o risco em investimentos estrat\u00e9gicos.<\/p>\n<h3>Mesa sobre quest\u00e3o de g\u00eanero<\/h3>\n<p>Entre os assuntos em destaque no congresso esteve o papel dos bancos p\u00fablicos na quest\u00e3o da igualdade de g\u00eanero, como empresas que, ao implementar a igualdade salarial e de oportunidades na ascens\u00e3o de cargos, sirvam como refer\u00eancia para mudar o quadro de desigualdade entre homens e mulheres no mercado de trabalho.<\/p>\n<p>De acordo com o Relat\u00f3rio Global de Desigualdades de G\u00eanero, do F\u00f3rum Econ\u00f4mico Mundial, em termos de igualdade salarial entre homens e mulheres, o<a href=\"https:\/\/contrafcut.com.br\/noticias\/brasil-ocupa-117a-posicao-em-ranking-sobre-igualdade-salarial-entre-generos\/\" target=\"_blank\" rel=\"noopener noreferrer\">\u00a0Brasil ocupa a 117\u00aa posi\u00e7\u00e3o numa lista de 146 na\u00e7\u00f5es avaliadas<\/a>. Globalmente, as mulheres ganhavam 37% menos que os homens com as mesmas posi\u00e7\u00f5es.<\/p>\n<p><a href=\"https:\/\/contrafcut.com.br\/noticias\/mulheres-sao-maioria-entre-desempregados-e-quando-empregadas-ganham-em-media-21-menos-que-homens\/\" target=\"_blank\" rel=\"noopener noreferrer\">Segundo levantamento do Dieese, com base na PNADC\/IBGE<\/a>, no Brasil as mulheres recebem em m\u00e9dia cerca de 21% menos que os homens, no Brasil. Na categoria banc\u00e1ria, o cen\u00e1rio \u00e9 um pouco pior: as mulheres recebem em m\u00e9dia 22,2% menos que os homens. Se a mulher banc\u00e1ria for negra, ent\u00e3o, ela recebe em m\u00e9dia 40,6% a menos que o homem banc\u00e1rio branco.<\/p>\n<p>\u201cDurante a nossa apresenta\u00e7\u00e3o, n\u00f3s mostramos que o movimento sindical dos trabalhadores do ramo financeiro no Brasil segue lutando para mudar esse cen\u00e1rio. Mostramos tamb\u00e9m que, nas duas \u00faltimas d\u00e9cadas, obtivemos importantes conquistas em termos de desigualdade de g\u00eanero\u201d, observou Fernanda Lopes, que tamb\u00e9m \u00e9 funcion\u00e1ria do Banco do Brasil e coordenadora da Comiss\u00e3o de Empresa dos Funcion\u00e1rios do BB (CEBB).<\/p>\n<p>Entre as conquistas da categoria brasileira, inseridas na Conven\u00e7\u00e3o Coletiva de Trabalho (CCT), est\u00e3o: a inclus\u00e3o do tema igualdade de oportunidade nas mesas de negocia\u00e7\u00e3o (CCT de 2000); inclus\u00e3o da cl\u00e1usula de combate ao ass\u00e9dio moral (CCT de 2010); licen\u00e7a-maternidade de 20 dias (CCT de 2016); aditivo que d\u00e1 as diretrizes para a cria\u00e7\u00e3o de um programa de preven\u00e7\u00e3o \u00e0 pr\u00e1tica de viol\u00eancia dom\u00e9stica e familiar contra banc\u00e1rias, incluindo a cria\u00e7\u00e3o de canais de acolhimento, orienta\u00e7\u00e3o e aux\u00edlio \u00e0s v\u00edtimas (CCT de 2020); e a cl\u00e1usula de combate ao ass\u00e9dio sexual (CCT de 2022).<\/p>\n<p>\u201cA luta para obten\u00e7\u00e3o dessas cl\u00e1usulas na conven\u00e7\u00e3o \u00e9 refer\u00eancia hoje no Brasil para outras categorias e mostra que, com articula\u00e7\u00e3o e trabalho, que inclui um processo educacional junto \u00e0s bases de trabalhadoras e trabalhadores sobre todos esses temas, \u00e9 poss\u00edvel avan\u00e7armos para melhorar a quest\u00e3o de g\u00eanero dentro dessas empresas. E foi isso que ressaltamos na nossa apresenta\u00e7\u00e3o no evento\u201d, concluiu Fernanda.<\/p>\n<p>A secret\u00e1ria da Mulher da Contraf-CUT tamb\u00e9m destacou durante sua palestra no evento que o governo brasileiro criou uma lei de igualdade salarial entre homens e mulheres que exercem o mesmo cargo, aprovada em junho pelo Congresso Nacional e sancionada pelo poder Executivo em julho deste ano.<\/p>\n<p>\u201cAtualmente, representamos a categoria no\u00a0<a href=\"https:\/\/contrafcut.com.br\/noticias\/trabalhadoras-integram-grupo-para-implementacao-da-igualdade-salarial-entre-homens-e-mulheres\/\" target=\"_blank\" rel=\"noopener noreferrer\">Grupo de Trabalho Interministerial (GTI) do Plano Nacional de Igualdade Salarial e Laboral<\/a>\u00a0entre Mulheres e Homens, criado pelo governo para avan\u00e7ar na agenda que resultar\u00e1 na implementa\u00e7\u00e3o dessa lei e esperamos, com isso, acelerar mudan\u00e7as no mercado de trabalho brasileiro para que tenhamos justi\u00e7a \u00e0s mulheres\u201d, pontuou Fernanda Lopes.<\/p>\n<p><strong>Fonte: Contraf-CUT<\/strong><\/p>\n","protected":false},"excerpt":{"rendered":"<p>Representantes sindicais de v\u00e1rios bancos p\u00fablicos de toda a Am\u00e9rica Latina participaram do 1\u00ba Congresso Nacional e Internacional de Banco Central, Sistema Financeiro e Desenvolvimento Econ\u00f4mico, nos dias 23 e 24 de novembro, na capital da Col\u00f4mbia (Bogot\u00e1), realizado pela Asociaci\u00f3n Nacional de Empleados Del Banco de La Rep\u00fablica (Anebre) e pela Uni Global Union, [&hellip;]<\/p>\n","protected":false},"author":2,"featured_media":14810,"comment_status":"","ping_status":"","sticky":false,"template":"","format":"standard","meta":{"footnotes":""},"categories":[3],"tags":[],"class_list":["post-14811","post","type-post","status-publish","format-standard","has-post-thumbnail","hentry","category-noticias"],"_links":{"self":[{"href":"https:\/\/hostnetart.com.br\/baixada\/wp-json\/wp\/v2\/posts\/14811","targetHints":{"allow":["GET"]}}],"collection":[{"href":"https:\/\/hostnetart.com.br\/baixada\/wp-json\/wp\/v2\/posts"}],"about":[{"href":"https:\/\/hostnetart.com.br\/baixada\/wp-json\/wp\/v2\/types\/post"}],"author":[{"embeddable":true,"href":"https:\/\/hostnetart.com.br\/baixada\/wp-json\/wp\/v2\/users\/2"}],"replies":[{"embeddable":true,"href":"https:\/\/hostnetart.com.br\/baixada\/wp-json\/wp\/v2\/comments?post=14811"}],"version-history":[{"count":0,"href":"https:\/\/hostnetart.com.br\/baixada\/wp-json\/wp\/v2\/posts\/14811\/revisions"}],"wp:featuredmedia":[{"embeddable":true,"href":"https:\/\/hostnetart.com.br\/baixada\/wp-json\/wp\/v2\/media\/14810"}],"wp:attachment":[{"href":"https:\/\/hostnetart.com.br\/baixada\/wp-json\/wp\/v2\/media?parent=14811"}],"wp:term":[{"taxonomy":"category","embeddable":true,"href":"https:\/\/hostnetart.com.br\/baixada\/wp-json\/wp\/v2\/categories?post=14811"},{"taxonomy":"post_tag","embeddable":true,"href":"https:\/\/hostnetart.com.br\/baixada\/wp-json\/wp\/v2\/tags?post=14811"}],"curies":[{"name":"wp","href":"https:\/\/api.w.org\/{rel}","templated":true}]}}