{"id":14807,"date":"2023-12-08T18:40:07","date_gmt":"2023-12-08T21:40:07","guid":{"rendered":"https:\/\/hostnetart.com.br\/baixada\/movimento-sindical-traca-estrategia-para-ampliar-defesa-da-categoria\/"},"modified":"2023-12-08T18:40:07","modified_gmt":"2023-12-08T21:40:07","slug":"movimento-sindical-traca-estrategia-para-ampliar-defesa-da-categoria","status":"publish","type":"post","link":"https:\/\/hostnetart.com.br\/baixada\/movimento-sindical-traca-estrategia-para-ampliar-defesa-da-categoria\/","title":{"rendered":"Movimento Sindical tra\u00e7a estrat\u00e9gia para ampliar defesa da categoria"},"content":{"rendered":"<p>O Coletivo de Rela\u00e7\u00f5es do Trabalho da Confedera\u00e7\u00e3o Nacional dos Trabalhadores do Ramo Financeiro (Contraf-CUT) se reuniu nesta \u00faltima quarta-feira (6) para realizar um balan\u00e7o dos principais temas e pautas de interesse da categoria que tramitaram pelo legislativo federal em 2023 e para apontar as diretrizes para as a\u00e7\u00f5es a serem executadas na defesa dos direitos da classe trabalhadora no pr\u00f3ximo per\u00edodo.<\/p>\n<p>\u201cAcompanhamos a pauta de interesse da classe trabalhadora no Congresso Nacional e vemos o quanto esse trabalho \u00e9 importante para impedir que projetos tramitem e sejam aprovados, ou rejeitados, sem que a gente sequer tome conhecimento\u201d, disse o secret\u00e1rio de Rela\u00e7\u00f5es do Trabalho e respons\u00e1vel na Contraf-CUT pelo acompanhamento da pauta de interesse dos trabalhadores no Congresso Nacional, Jeferson Meira, o Jef\u00e3o. \u201cQueremos capacitar mais pessoas para fazer este acompanhamento, n\u00e3o apenas no Congresso, mas em todas as casas legislativas do pa\u00eds\u201d, completou.<\/p>\n<h3><strong>Forma\u00e7\u00e3o para a a\u00e7\u00e3o<\/strong><\/h3>\n<p>Para o secret\u00e1rio de Forma\u00e7\u00e3o da Contraf-CUT, Rafael Zanon, \u00e9 fundamental pensar a educa\u00e7\u00e3o pol\u00edtica, a forma\u00e7\u00e3o, no sentido da a\u00e7\u00e3o. \u201cNo planejamento das a\u00e7\u00f5es da Contraf-CUT para 2024, vamos sistematizar nossas estrat\u00e9gias neste sentido e, a partir da\u00ed, desenvolver o conte\u00fado e a metodologia de um curso que nos ajude a ampliar, cada vez mais, nossa atua\u00e7\u00e3o no acompanhamento legislativo e, tamb\u00e9m, nos ajude a eleger candidatos comprometidos com a classe trabalhadora, tanto para as c\u00e2maras municipais, quanto para as demais casas legislativas do nosso pa\u00eds\u201d, disse. \u201cPara isso, contaremos com a sempre importante contribui\u00e7\u00e3o do Diap (Departamento Intersindical de Assessoria Parlamentar) e do Dieese (Departamento Intersindical de Estat\u00edstica e Estudos Socioecon\u00f4micos)\u201d, concluiu.<\/p>\n<p><b>Fonte: Contraf-CUT<\/b><\/p>\n","protected":false},"excerpt":{"rendered":"<p>O Coletivo de Rela\u00e7\u00f5es do Trabalho da Confedera\u00e7\u00e3o Nacional dos Trabalhadores do Ramo Financeiro (Contraf-CUT) se reuniu nesta \u00faltima quarta-feira (6) para realizar um balan\u00e7o dos principais temas e pautas de interesse da categoria que tramitaram pelo legislativo federal em 2023 e para apontar as diretrizes para as a\u00e7\u00f5es a serem executadas na defesa dos [&hellip;]<\/p>\n","protected":false},"author":2,"featured_media":14806,"comment_status":"","ping_status":"","sticky":false,"template":"","format":"standard","meta":{"footnotes":""},"categories":[3],"tags":[],"class_list":["post-14807","post","type-post","status-publish","format-standard","has-post-thumbnail","hentry","category-noticias"],"_links":{"self":[{"href":"https:\/\/hostnetart.com.br\/baixada\/wp-json\/wp\/v2\/posts\/14807","targetHints":{"allow":["GET"]}}],"collection":[{"href":"https:\/\/hostnetart.com.br\/baixada\/wp-json\/wp\/v2\/posts"}],"about":[{"href":"https:\/\/hostnetart.com.br\/baixada\/wp-json\/wp\/v2\/types\/post"}],"author":[{"embeddable":true,"href":"https:\/\/hostnetart.com.br\/baixada\/wp-json\/wp\/v2\/users\/2"}],"replies":[{"embeddable":true,"href":"https:\/\/hostnetart.com.br\/baixada\/wp-json\/wp\/v2\/comments?post=14807"}],"version-history":[{"count":0,"href":"https:\/\/hostnetart.com.br\/baixada\/wp-json\/wp\/v2\/posts\/14807\/revisions"}],"wp:featuredmedia":[{"embeddable":true,"href":"https:\/\/hostnetart.com.br\/baixada\/wp-json\/wp\/v2\/media\/14806"}],"wp:attachment":[{"href":"https:\/\/hostnetart.com.br\/baixada\/wp-json\/wp\/v2\/media?parent=14807"}],"wp:term":[{"taxonomy":"category","embeddable":true,"href":"https:\/\/hostnetart.com.br\/baixada\/wp-json\/wp\/v2\/categories?post=14807"},{"taxonomy":"post_tag","embeddable":true,"href":"https:\/\/hostnetart.com.br\/baixada\/wp-json\/wp\/v2\/tags?post=14807"}],"curies":[{"name":"wp","href":"https:\/\/api.w.org\/{rel}","templated":true}]}}