{"id":14805,"date":"2023-12-08T18:39:08","date_gmt":"2023-12-08T21:39:08","guid":{"rendered":"https:\/\/hostnetart.com.br\/baixada\/contraf-cut-participa-da-cupula-social-do-mercosul\/"},"modified":"2023-12-08T18:39:08","modified_gmt":"2023-12-08T21:39:08","slug":"contraf-cut-participa-da-cupula-social-do-mercosul","status":"publish","type":"post","link":"https:\/\/hostnetart.com.br\/baixada\/contraf-cut-participa-da-cupula-social-do-mercosul\/","title":{"rendered":"Contraf-CUT participa da C\u00fapula Social do Mercosul"},"content":{"rendered":"<p>Antes do encontro dos l\u00edderes do Mercosul, com os presidentes dos pa\u00edses-membros, nesta quinta-feira (7) no Rio de Janeiro, foi realizada tamb\u00e9m na capital fluminense a C\u00fapula Social do Mercosul, nos dias 4 e 5. O evento, que promove a participa\u00e7\u00e3o da sociedade civil nas decis\u00f5es do bloco, foi retomado depois de sete anos de interrup\u00e7\u00e3o.<\/p>\n<p>Na abertura, a ministra da Igualdade Racial, Anielle Franco, afirmou que o evento representa \u201ctrocas entre governo e sociedade que consolidam o processo de integra\u00e7\u00e3o e o car\u00e1ter regional que s\u00e3o vitais para Brasil, Argentina, Uruguai e Paraguai, com popula\u00e7\u00f5es que vivenciam desafios e necessidades t\u00e3o pr\u00f3ximas\u201d.<\/p>\n<div class=\"wp-block-image\">\n<figure class=\"alignleft size-large is-resized\"><img fetchpriority=\"high\" decoding=\"async\" class=\"wp-image-307748\" src=\"https:\/\/contrafcut.com.br\/wp-content\/uploads\/2023\/12\/participantes-da-cupula-social-do-mercosul-foto-de-vinicius-dos-reis-ascom-sgpr.jpeg\" sizes=\"(max-width: 297px) 100vw, 297px\" srcset=\"https:\/\/contrafcut.com.br\/wp-content\/uploads\/2023\/12\/participantes-da-cupula-social-do-mercosul-foto-de-vinicius-dos-reis-ascom-sgpr.jpeg 768w, https:\/\/contrafcut.com.br\/wp-content\/uploads\/2023\/12\/participantes-da-cupula-social-do-mercosul-foto-de-vinicius-dos-reis-ascom-sgpr-384x230.jpeg 384w\" alt=\"\" width=\"297\" height=\"177\" data-cfsrc=\"https:\/\/contrafcut.com.br\/wp-content\/uploads\/2023\/12\/participantes-da-cupula-social-do-mercosul-foto-de-vinicius-dos-reis-ascom-sgpr.jpeg\" \/><figcaption>Autoridades na C\u00fapula Social do Mercosul \u2013 Foto: Vin\u00edcius dos Reis\/Ascom-SGPR<\/figcaption><\/figure>\n<\/div>\n<p>A ministra das Mulheres, Cida Gon\u00e7alves, se concentrou no tema da viol\u00eancia de g\u00eanero. \u201cTemos o desafio de discutir a misoginia, que tem fortalecido cada vez mais o feminic\u00eddio e a viol\u00eancia sexual em toda a regi\u00e3o. O Mercosul n\u00e3o pode aceitar que mulheres sejam exclu\u00eddas dos espa\u00e7os de poder como est\u00e3o sendo em diversos pa\u00edses\u201d, defendeu.<\/p>\n<p>Na C\u00fapula social tamb\u00e9m foram tratados os temas das desigualdades, das mudan\u00e7as clim\u00e1ticas, das condi\u00e7\u00f5es trabalhistas, dos direitos humanos e cidadania, do enfrentamento \u00e0 fome e \u00e0 pobreza e do fortalecimento social no continente. A Confedera\u00e7\u00e3o Nacional dos Trabalhadores do Ramos Financeiro (Contraf-CUT) participou do evento com a presen\u00e7a de seu secret\u00e1rio de Combate ao Racismo, Almir Aguiar.<\/p>\n<p><img decoding=\"async\" class=\"alignnone size-full wp-image-23062\" src=\"https:\/\/fetrafrjes.org.br\/wp-content\/uploads\/2023\/12\/IMG_5093.jpeg\" alt=\"\" width=\"1179\" height=\"876\" \/>O dirigente, que tamb\u00e9m representou a Secretaria de Combate ao Racismo da CUT-Nacional, defendeu que \u201cas entidades da sociedade civil se unam pela causa do sal\u00e1rio igual para trabalho igual, sem qualquer discrimina\u00e7\u00e3o, luta que requer a participa\u00e7\u00e3o dos movimentos sindical e social nas decis\u00f5es do Mercosul\u201d. Almir ressaltou que \u201cum ponto primordial \u00e9 inserir a popula\u00e7\u00e3o afrodescendente como parte dos debates, pois o povo negro \u00e9 o mais discriminado no mercado de trabalho e na sociedade como um todo\u201d. Ele tamb\u00e9m lembrou que \u201cem todos os pa\u00edses do Mercosul h\u00e1 popula\u00e7\u00e3o negra, e temos que criar condi\u00e7\u00f5es para diminuir essas desigualdades\u201d.<\/p>\n<p>Almir defendeu que o bloco \u201cfortale\u00e7a reuni\u00f5es que tratam de quest\u00f5es sociais\u201d. Para ele, \u201cno combate ao racismo, o Mercosul deve trabalhar para criar um fundo de combate ao racismo e prote\u00e7\u00e3o aos povos ind\u00edgenas, por exemplo\u201d. O secret\u00e1rio ressaltou que, \u201ccom o objetivo de reduzir a pobreza, o Mercosul deve atuar implementa\u00e7\u00e3o mais c\u00e9lere de pol\u00edticas de estado nos v\u00e1rios pa\u00edses, como \u00e9 o caso da reforma agr\u00e1ria, para que o pequeno agricultor n\u00e3o seja mais retirado do seu <em>habitat<\/em> em fun\u00e7\u00e3o do agroneg\u00f3cio\u201d.<\/p>\n<p>O secret\u00e1rio da Contraf-CUT tamb\u00e9m afirmou que \u201co momento \u00e9 de uni\u00e3o das for\u00e7as progressistas do continente em solidariedade ao trabalhador argentino, diante das amea\u00e7as do presidente eleito, que vem prometendo ataques ao povo e \u00e0 classe trabalhadora\u201d. Para Almir, \u201ctodas essas iniciativas fazem parte do entendimento consensual do Mercosul como espa\u00e7o de integra\u00e7\u00e3o de luta contra as desigualdades, a viol\u00eancia e a discrimina\u00e7\u00e3o\u201d.<\/p>\n<h3><strong>A c\u00fapula e o bloco<\/strong><\/h3>\n<p>A retomada da C\u00fapula Social, em formato presencial, que estava suspensa desde 2016, foi iniciativa do Brasil, que est\u00e1 na presid\u00eancia\u00a0rotativa do Mercosul desde julho de 2023. Os encontros do bloco econ\u00f4mico regional est\u00e3o ocorrendo no Museu do Amanh\u00e3 e no Museu de Arte, ambos do Rio de Janeiro.<\/p>\n<p>O Mercado Comum do Sul (Mercosul) foi institu\u00eddo formalmente em 1991 para a integra\u00e7\u00e3o regional, formado inicialmente por Brasil, Argentina, Paraguai e Uruguai. Nas d\u00e9cadas seguintes ingressaram no bloco Venezuela e Bol\u00edvia. Desde 2017, por\u00e9m, a Venezuela est\u00e1 suspensa pelo descumprimento de cl\u00e1usulas democr\u00e1ticas. Chile, Col\u00f4mbia, Equador, Guiana, Peru e Suriname s\u00e3o pa\u00edses associados.<\/p>\n<p><strong>Fonte: Contraf-CUT<\/strong><\/p>\n","protected":false},"excerpt":{"rendered":"<p>Antes do encontro dos l\u00edderes do Mercosul, com os presidentes dos pa\u00edses-membros, nesta quinta-feira (7) no Rio de Janeiro, foi realizada tamb\u00e9m na capital fluminense a C\u00fapula Social do Mercosul, nos dias 4 e 5. O evento, que promove a participa\u00e7\u00e3o da sociedade civil nas decis\u00f5es do bloco, foi retomado depois de sete anos de [&hellip;]<\/p>\n","protected":false},"author":2,"featured_media":14804,"comment_status":"","ping_status":"","sticky":false,"template":"","format":"standard","meta":{"footnotes":""},"categories":[8],"tags":[],"class_list":["post-14805","post","type-post","status-publish","format-standard","has-post-thumbnail","hentry","category-bancarios"],"_links":{"self":[{"href":"https:\/\/hostnetart.com.br\/baixada\/wp-json\/wp\/v2\/posts\/14805","targetHints":{"allow":["GET"]}}],"collection":[{"href":"https:\/\/hostnetart.com.br\/baixada\/wp-json\/wp\/v2\/posts"}],"about":[{"href":"https:\/\/hostnetart.com.br\/baixada\/wp-json\/wp\/v2\/types\/post"}],"author":[{"embeddable":true,"href":"https:\/\/hostnetart.com.br\/baixada\/wp-json\/wp\/v2\/users\/2"}],"replies":[{"embeddable":true,"href":"https:\/\/hostnetart.com.br\/baixada\/wp-json\/wp\/v2\/comments?post=14805"}],"version-history":[{"count":0,"href":"https:\/\/hostnetart.com.br\/baixada\/wp-json\/wp\/v2\/posts\/14805\/revisions"}],"wp:featuredmedia":[{"embeddable":true,"href":"https:\/\/hostnetart.com.br\/baixada\/wp-json\/wp\/v2\/media\/14804"}],"wp:attachment":[{"href":"https:\/\/hostnetart.com.br\/baixada\/wp-json\/wp\/v2\/media?parent=14805"}],"wp:term":[{"taxonomy":"category","embeddable":true,"href":"https:\/\/hostnetart.com.br\/baixada\/wp-json\/wp\/v2\/categories?post=14805"},{"taxonomy":"post_tag","embeddable":true,"href":"https:\/\/hostnetart.com.br\/baixada\/wp-json\/wp\/v2\/tags?post=14805"}],"curies":[{"name":"wp","href":"https:\/\/api.w.org\/{rel}","templated":true}]}}