{"id":14801,"date":"2023-12-07T18:17:20","date_gmt":"2023-12-07T21:17:20","guid":{"rendered":"https:\/\/hostnetart.com.br\/baixada\/categoria-traca-diretrizes-para-debate-da-seguranca-bancaria\/"},"modified":"2023-12-07T18:17:20","modified_gmt":"2023-12-07T21:17:20","slug":"categoria-traca-diretrizes-para-debate-da-seguranca-bancaria","status":"publish","type":"post","link":"https:\/\/hostnetart.com.br\/baixada\/categoria-traca-diretrizes-para-debate-da-seguranca-bancaria\/","title":{"rendered":"Categoria tra\u00e7a diretrizes para debate da seguran\u00e7a banc\u00e1ria"},"content":{"rendered":"<p>Em 2023, os bancos reduziram seguran\u00e7a, retrocesso no setor que est\u00e1 definindo um quadro preocupante de riscos n\u00e3o apenas a seus funcion\u00e1rios, mas tamb\u00e9m dos clientes. Esse \u00e9 o diagn\u00f3stico feito pelo Coletivo Nacional de Seguran\u00e7a Banc\u00e1ria, da Confedera\u00e7\u00e3o Nacional dos Trabalhadores do Ramo Financeiro (Contraf-CUT), em sua \u00faltima reuni\u00e3o do ano.<\/p>\n<p>No encontro, realizado na segunda-feira (4) tamb\u00e9m com a presen\u00e7a de integrantes do Comando Nacional dos Banc\u00e1rios, foram relatados diversos casos que mostram que a retirada de seguran\u00e7a tem ocorrido de modo generalizado, inclusive em ag\u00eancias de m\u00e9dio porte e com opera\u00e7\u00e3o com numer\u00e1rio j\u00e1 no sagu\u00e3o de entrada.<\/p>\n<p>O secret\u00e1rio de Pol\u00edticas Sociais da Contraf-CUT, Elias Jord\u00e3o, coordenador do Coletivo, explica que \u201ca quest\u00e3o \u00e9 muito mais complexa do que os bancos dizem, pois para a representa\u00e7\u00e3o sindical dos banc\u00e1rios, s\u00f3 a presen\u00e7a de um caixa eletr\u00f4nico na entrada de uma ag\u00eancia j\u00e1 configura circula\u00e7\u00e3o de numer\u00e1rio em esp\u00e9cie na unidade, e estamos preocupados com os riscos que h\u00e1 nesse quadro para funcion\u00e1rios e para clientes\u201d.<\/p>\n<p>Para o secret\u00e1rio de Cultura da Contraf-CUT, Carlos Damarindo, integrante do Coletivo, \u201ctamb\u00e9m deixamos claro que nosso argumento n\u00e3o se baseia no fato de haver numer\u00e1rio ou n\u00e3o na unidade\u201d. Carlos ressalta que \u201cquando o movimento sindical trata da quest\u00e3o, estamos discutindo seguran\u00e7a de pessoas, funcion\u00e1rios e clientes, e n\u00e3o de numer\u00e1rio. Ent\u00e3o, todas as unidades banc\u00e1rias devem ser seguras, pelo bem de toda a sociedade\u201d.<\/p>\n<p>As entidades sindicais insistem em debater a quest\u00e3o, mas enfrentam obst\u00e1culos na Federa\u00e7\u00e3o Nacional dos Bancos (Fenaban), entidade que representa o sistema financeiro nas negocia\u00e7\u00f5es com a categoria banc\u00e1ria. \u201cConseguimos apenas uma reuni\u00e3o com a Fenaban neste ano, e n\u00e3o houve avan\u00e7o, pois eles n\u00e3o levam a quest\u00e3o a s\u00e9rio, como primordial\u201d, denuncia Elias Jord\u00e3o.<\/p>\n<p>Conforme o dirigente, \u201ca entidade patronal argumenta que os n\u00fameros ca\u00edram, e n\u00f3s entendemos que isso ocorre por uma s\u00e9rie de fatores, como a digitaliza\u00e7\u00e3o, o atendimento virtual e a pr\u00f3pria reestrutura\u00e7\u00e3o dos bancos\u201d. No entanto, mesmo com a redu\u00e7\u00e3o dos casos, Elias registra que \u201cos n\u00fameros ainda s\u00e3o bastante altos, informa\u00e7\u00e3o confirmada n\u00e3o apenas pelos n\u00fameros registrados pelas federa\u00e7\u00f5es e sindicatos, como tamb\u00e9m em dados divulgados pelas secretarias de seguran\u00e7a dos estados\u201d.<\/p>\n<h3><strong>Iniciativas<\/strong><\/h3>\n<p>Com esse cen\u00e1rio, o Coletivo de Seguran\u00e7a tra\u00e7ou as linhas centrais de atua\u00e7\u00e3o do movimento sindical banc\u00e1rio para o per\u00edodo de 2024 sobre esse tema. \u201cDesde j\u00e1, estamos trabalhando para formalizar o conjunto de demandas para o ano que vem, com vistas \u00e0 solu\u00e7\u00e3o dessas preocupa\u00e7\u00f5es\u201d, resumiu Elias.<\/p>\n<p>O coordenador do Coletivo antecipa que \u201cas propostas ser\u00e3o apresentadas \u00e0 Fenaban j\u00e1 no come\u00e7o de 2024, como tamb\u00e9m inclu\u00eddas na pauta da Campanha Nacional dos Banc\u00e1rios\u201d. Elias tamb\u00e9m afirma que \u201chaver\u00e1 a\u00e7\u00f5es em outras frentes, como tratativas junto a \u00f3rg\u00e3os governamentais e di\u00e1logo com os legislativos estaduais e municipais, a respeito de leis que determinam a seguran\u00e7a banc\u00e1ria\u201d.<\/p>\n<h3><strong>Cl\u00e1usula 88 da CCT<\/strong><\/h3>\n<p>A representa\u00e7\u00e3o dos trabalhadores vai cobrar que a Fenaban cumpra a cl\u00e1usula 88 da Conven\u00e7\u00e3o Coletiva de Trabalho (CCT) dos banc\u00e1rios. \u201cO grupo de trabalho bipartite que criamos precisa cumprir suas fun\u00e7\u00f5es, tra\u00e7ar as metas de seguran\u00e7a e ser encerrado, mas a cl\u00e1usula 88 tem sido usada pela entidade patronal apenas para protelar a discuss\u00e3o, fazer\u00a0<em>lobby<\/em>\u00a0e apresentar projetos nos legislativos estaduais e municipais, pela flexibiliza\u00e7\u00e3o da seguran\u00e7a banc\u00e1ria, como est\u00e1 ocorrendo com muita for\u00e7a em Santa Catarina, Paran\u00e1 e Rio Grande do Sul, al\u00e9m de outras unidades da federa\u00e7\u00e3o e v\u00e1rias cidades do pa\u00eds\u201d, pontua Elias. \u201cNossa avalia\u00e7\u00e3o \u00e9 que a estrat\u00e9gia da Fenaban \u00e9 derrubar as leis municipais e estaduais que determinam seguran\u00e7a, e nosso trabalho \u00e9 por mant\u00ea-las e propor novas leis nesse sentido\u201d, completa.<\/p>\n<h3><strong>Portaria 18.045\/23<\/strong><\/h3>\n<p>O Coletivo tra\u00e7ou orienta\u00e7\u00e3o ao movimento banc\u00e1rio que defenda, junto ao Minist\u00e9rio da Justi\u00e7a e Seguran\u00e7a P\u00fablica, que a Portaria 18.045\/23 seja revista. \u201cA portaria foi reeditada neste ano sem qualquer consulta ao movimento sindical, e esse \u00e9 o instrumento legal que define as regras das atividades de seguran\u00e7a privada nos estabelecimentos financeiros e regula sua fiscaliza\u00e7\u00e3o\u201d, explica Elias.<\/p>\n<p>Como detalha o dirigente, \u201ca portaria permite que os bancos atuem com o m\u00ednimo de seguran\u00e7a ou at\u00e9 sem seguran\u00e7a em qualquer unidade que o pr\u00f3prio banco defina que n\u00e3o tem circula\u00e7\u00e3o de numer\u00e1rio. Com isso, o instrumento legal est\u00e1 sendo usado para que at\u00e9 ag\u00eancias com caixas eletr\u00f4nicos na entrada funcionem sem porta de seguran\u00e7a e vigilante. Isso n\u00e3o pode continuar assim, ent\u00e3o pediremos revis\u00e3o de sua reda\u00e7\u00e3o\u201d.<\/p>\n<h3><strong>Assento na CCASP<\/strong><\/h3>\n<p>As entidades sindicais v\u00e3o refor\u00e7ar, tamb\u00e9m junto ao Minist\u00e9rio da Justi\u00e7a, a demanda de que a Contraf-CUT volte a ter assento na Comiss\u00e3o Consultiva para Assuntos de Seguran\u00e7a Privada (CCASP) \u2013 f\u00f3rum consultivo tripartite (governo, trabalhadores e bancos) de solu\u00e7\u00f5es para a seguran\u00e7a banc\u00e1ria e sua fiscaliza\u00e7\u00e3o.<\/p>\n<p>O \u00f3rg\u00e3o foi extinto no governo Bolsonaro e retomado em setembro, mas sem a presen\u00e7a dos trabalhadores. \u201cJ\u00e1 oficiamos o Minist\u00e9rio da Justi\u00e7a a respeito e vamos insistir para que a Contraf-CUT volte a representar o trabalhador nesse \u00f3rg\u00e3o\u201d, garante Elias.<\/p>\n<h3><strong>Outras a\u00e7\u00f5es<\/strong><\/h3>\n<p>O Coletivo tamb\u00e9m definiu diversas outras iniciativas. No primeiro trimestre do ano dever\u00e3o ser realizados cursos de forma\u00e7\u00e3o a respeito de seguran\u00e7a banc\u00e1ria, para apoiar a preparar\u00e3o dos dirigentes sindicais Brasil afora para atuar na quest\u00e3o.<\/p>\n<p>Os dados de ocorr\u00eancias de falta seguran\u00e7as em unidades banc\u00e1rias ser\u00e3o levantados junto a federa\u00e7\u00f5es e sindicatos, bem como a secretarias de seguran\u00e7a dos estados, para confrontar os n\u00fameros apresentados pela Fenaban, que minimizam a quest\u00e3o de viol\u00eancia no setor.<\/p>\n<p>Tamb\u00e9m ser\u00e1 organizado um dia nacional de luta pela seguran\u00e7a banc\u00e1ria, para difundir e aprofundar o debate, que tamb\u00e9m ser\u00e1 inclu\u00eddo com destaque na pauta da Campanha Nacional.<\/p>\n<p><strong>Fonte: Contraf-CUT<\/strong><\/p>\n","protected":false},"excerpt":{"rendered":"<p>Em 2023, os bancos reduziram seguran\u00e7a, retrocesso no setor que est\u00e1 definindo um quadro preocupante de riscos n\u00e3o apenas a seus funcion\u00e1rios, mas tamb\u00e9m dos clientes. Esse \u00e9 o diagn\u00f3stico feito pelo Coletivo Nacional de Seguran\u00e7a Banc\u00e1ria, da Confedera\u00e7\u00e3o Nacional dos Trabalhadores do Ramo Financeiro (Contraf-CUT), em sua \u00faltima reuni\u00e3o do ano. No encontro, realizado [&hellip;]<\/p>\n","protected":false},"author":2,"featured_media":14800,"comment_status":"","ping_status":"","sticky":false,"template":"","format":"standard","meta":{"footnotes":""},"categories":[3],"tags":[],"class_list":["post-14801","post","type-post","status-publish","format-standard","has-post-thumbnail","hentry","category-noticias"],"_links":{"self":[{"href":"https:\/\/hostnetart.com.br\/baixada\/wp-json\/wp\/v2\/posts\/14801","targetHints":{"allow":["GET"]}}],"collection":[{"href":"https:\/\/hostnetart.com.br\/baixada\/wp-json\/wp\/v2\/posts"}],"about":[{"href":"https:\/\/hostnetart.com.br\/baixada\/wp-json\/wp\/v2\/types\/post"}],"author":[{"embeddable":true,"href":"https:\/\/hostnetart.com.br\/baixada\/wp-json\/wp\/v2\/users\/2"}],"replies":[{"embeddable":true,"href":"https:\/\/hostnetart.com.br\/baixada\/wp-json\/wp\/v2\/comments?post=14801"}],"version-history":[{"count":0,"href":"https:\/\/hostnetart.com.br\/baixada\/wp-json\/wp\/v2\/posts\/14801\/revisions"}],"wp:featuredmedia":[{"embeddable":true,"href":"https:\/\/hostnetart.com.br\/baixada\/wp-json\/wp\/v2\/media\/14800"}],"wp:attachment":[{"href":"https:\/\/hostnetart.com.br\/baixada\/wp-json\/wp\/v2\/media?parent=14801"}],"wp:term":[{"taxonomy":"category","embeddable":true,"href":"https:\/\/hostnetart.com.br\/baixada\/wp-json\/wp\/v2\/categories?post=14801"},{"taxonomy":"post_tag","embeddable":true,"href":"https:\/\/hostnetart.com.br\/baixada\/wp-json\/wp\/v2\/tags?post=14801"}],"curies":[{"name":"wp","href":"https:\/\/api.w.org\/{rel}","templated":true}]}}