{"id":1480,"date":"2013-09-12T00:00:00","date_gmt":"2013-09-12T03:00:00","guid":{"rendered":"https:\/\/hostnetart.com.br\/baixada\/contraf-cut-inicia-revisao-do-acordo-coletivo-com-bndes-nesta-quinta\/"},"modified":"2013-09-12T00:00:00","modified_gmt":"2013-09-12T03:00:00","slug":"contraf-cut-inicia-revisao-do-acordo-coletivo-com-bndes-nesta-quinta","status":"publish","type":"post","link":"https:\/\/hostnetart.com.br\/baixada\/contraf-cut-inicia-revisao-do-acordo-coletivo-com-bndes-nesta-quinta\/","title":{"rendered":"Contraf-CUT inicia revis\u00e3o do acordo coletivo com BNDES nesta quinta"},"content":{"rendered":"<p>A Contraf-CUT, sindicatos, AFBNDES e Comiss\u00e3o dos Funcion\u00e1rios do BNDES se re\u00fanem nesta quinta-feira (12), \u00e0s 11h30, no Rio de Janeiro, para a primeira negocia\u00e7\u00e3o espec\u00edfica com a dire\u00e7\u00e3o do banco, buscando a revis\u00e3o de cl\u00e1usulas econ\u00f4micas e sociais, conforme previsto na cl\u00e1usula 41, par\u00e1grafo \u00fanico, do Acordo Coletivo de Trabalho (ACT), que tem vig\u00eancia de dois anos. A institui\u00e7\u00e3o possui ag\u00eancias no Rio, S\u00e3o Paulo, Recife e Bras\u00edlia.<\/p>\n<p>\u00a0<\/p>\n<p>Al\u00e9m de reajuste salarial, PLR, aux\u00edlio-refei\u00e7\u00e3o e programa de assist\u00eancia educacional, os banc\u00e1rios querem discutir o cumprimento da cl\u00e1usula 22 do ACT, que trata do Programa de Gest\u00e3o Estrat\u00e9gica de Pessoas, o GEP Carreira. Pelo cronograma, o banco deveria ter apresentado uma proposta at\u00e9 o \u00faltimo dia 1\u00ba de julho, mas at\u00e9 agora isso n\u00e3o ocorreu.<\/p>\n<p>\u00a0<\/p>\n<p>Os banc\u00e1rios v\u00e3o reivindicar que sejam agendadas novas rodadas de negocia\u00e7\u00e3o permanente para tratar da cl\u00e1usula 37 do ACT, referente ao Fapes e do Acordo de Trabalho sobre o sistema alternativo de marca\u00e7\u00e3o de ponto eletr\u00f4nico.<\/p>\n<p>\u00a0<\/p>\n<p>O BNDES obteve lucro l\u00edquido de R$ 3,261 bilh\u00f5es no primeiro semestre deste ano, o que representa um crescimento de 20,4% em compara\u00e7\u00e3o ao mesmo per\u00edodo do ano passado, que foi de R$ 2,709 bilh\u00f5es. Para Miguel Pereira, secret\u00e1rio de Organiza\u00e7\u00e3o da Contraf-CUT, \u201co banco tem plenas condi\u00e7\u00f5es de atender \u00e0s reivindica\u00e7\u00f5es dos funcion\u00e1rios, principalmente com rela\u00e7\u00e3o ao GEP Carreira, que estamos negociando desde o ano passado\u201d.<\/p>\n<p>\u00a0<\/p>\n<p>Fonte: Contraf-CUT<\/p>\n","protected":false},"excerpt":{"rendered":"<p>A Contraf-CUT, sindicatos, AFBNDES e Comiss\u00e3o dos Funcion\u00e1rios do BNDES se re\u00fanem nesta quinta-feira (12), \u00e0s 11h30, no Rio de Janeiro, para a primeira negocia\u00e7\u00e3o espec\u00edfica com a dire\u00e7\u00e3o do banco, buscando a revis\u00e3o de cl\u00e1usulas econ\u00f4micas e sociais, conforme previsto na cl\u00e1usula 41, par\u00e1grafo \u00fanico, do Acordo Coletivo de Trabalho (ACT), que tem vig\u00eancia [&hellip;]<\/p>\n","protected":false},"author":1,"featured_media":0,"comment_status":"","ping_status":"","sticky":false,"template":"","format":"standard","meta":{"footnotes":""},"categories":[3],"tags":[],"class_list":["post-1480","post","type-post","status-publish","format-standard","hentry","category-noticias"],"_links":{"self":[{"href":"https:\/\/hostnetart.com.br\/baixada\/wp-json\/wp\/v2\/posts\/1480","targetHints":{"allow":["GET"]}}],"collection":[{"href":"https:\/\/hostnetart.com.br\/baixada\/wp-json\/wp\/v2\/posts"}],"about":[{"href":"https:\/\/hostnetart.com.br\/baixada\/wp-json\/wp\/v2\/types\/post"}],"author":[{"embeddable":true,"href":"https:\/\/hostnetart.com.br\/baixada\/wp-json\/wp\/v2\/users\/1"}],"replies":[{"embeddable":true,"href":"https:\/\/hostnetart.com.br\/baixada\/wp-json\/wp\/v2\/comments?post=1480"}],"version-history":[{"count":0,"href":"https:\/\/hostnetart.com.br\/baixada\/wp-json\/wp\/v2\/posts\/1480\/revisions"}],"wp:attachment":[{"href":"https:\/\/hostnetart.com.br\/baixada\/wp-json\/wp\/v2\/media?parent=1480"}],"wp:term":[{"taxonomy":"category","embeddable":true,"href":"https:\/\/hostnetart.com.br\/baixada\/wp-json\/wp\/v2\/categories?post=1480"},{"taxonomy":"post_tag","embeddable":true,"href":"https:\/\/hostnetart.com.br\/baixada\/wp-json\/wp\/v2\/tags?post=1480"}],"curies":[{"name":"wp","href":"https:\/\/api.w.org\/{rel}","templated":true}]}}