{"id":14799,"date":"2023-12-07T14:04:47","date_gmt":"2023-12-07T17:04:47","guid":{"rendered":"https:\/\/hostnetart.com.br\/baixada\/comeca-hoje-o-debate-sobre-a-cgpar-42\/"},"modified":"2023-12-07T14:04:47","modified_gmt":"2023-12-07T17:04:47","slug":"comeca-hoje-o-debate-sobre-a-cgpar-42","status":"publish","type":"post","link":"https:\/\/hostnetart.com.br\/baixada\/comeca-hoje-o-debate-sobre-a-cgpar-42\/","title":{"rendered":"Come\u00e7a hoje o debate sobre a CGPAR 42"},"content":{"rendered":"<p>A comiss\u00e3o formada por representantes de empregados de empresas estatais e do governo se re\u00fane, nesta quinta-feira (7), a partir das 11h, para iniciar as conversa\u00e7\u00f5es sobre a Resolu\u00e7\u00e3o 42 da Comiss\u00e3o Interministerial de Governan\u00e7a Corporativa e de Administra\u00e7\u00e3o de Participa\u00e7\u00f5es Societ\u00e1rias da Uni\u00e3o (Sest), editada em agosto de 2022, na \u00e9poca subordinada ao minist\u00e9rio da Economia, de Paulo Guedes.<\/p>\n<p>A CGPAR 42 estipula que o custeio com a sa\u00fade dos empregados das estatais tem que ser dividido pela metade (50\/50) entre empresas e trabalhadores. A reivindica\u00e7\u00e3o dos trabalhadores \u00e9 que a resolu\u00e7\u00e3o seja revogada e um novo texto, sem a estipula\u00e7\u00e3o deste teto, seja editado para substitu\u00ed-la.<\/p>\n<p>Na pr\u00e1tica, a resolu\u00e7\u00e3o atual compromete a situa\u00e7\u00e3o financeira dos planos de sa\u00fade autogeridos pelas estatais, ao fazer com que as empresas p\u00fablicas reduzam aportes financeiros, criando descasamento entre as receitas com mensalidades e os custos dos planos, obrigando a cobran\u00e7a de valores maiores dos empregados para possibilitar a cobertura dos d\u00e9ficits e dos valores necess\u00e1rios para arcar com os custos. A medida afeta diretamente os planos de sa\u00fade de estatais, como a Caixa Econ\u00f4mica Federal, Petrobras, Correios, Embrapa, Casa da Moeda, Codevasf, Conab, BNDES, Serpro, Dataprev, INSS, entre outras.<\/p>\n<p>\u201cA CGPAR 42 \u00e9 uma reedi\u00e7\u00e3o, ainda mais prejudicial aos trabalhadores, do que a CGPAR 23, que foi revogada pelo Congresso Nacional de 2021, ap\u00f3s intenso debate com os trabalhadores e a sociedade, durante a tramita\u00e7\u00e3o de um projeto de iniciativa da deputada federal Erika Kokay (PT-DF)\u201d, explicou o secret\u00e1rio de Rela\u00e7\u00f5es do Trabalho da Confedera\u00e7\u00e3o Nacional dos Trabalhadores do Ramo Financeiro (Contraf-CUT), Jeferson Meira, o Jef\u00e3o, que acompanha o debate sobre o tema representando a Contraf-CUT.<\/p>\n<p>\u201cEsta resolu\u00e7\u00e3o faz parte das medidas tomadas para preparar a privatiza\u00e7\u00e3o de tudo o que for poss\u00edvel, que estavam sendo\u00a0<a href=\"https:\/\/congressoemfoco.uol.com.br\/temas\/economia\/guedes-propoe-privatizar-tudo-e-desvincular-todas-as-despesas\/\" target=\"_blank\" rel=\"noopener noreferrer\">implementadas pelo Guedes<\/a>. A inten\u00e7\u00e3o era sucatear as empresas p\u00fablicas, retirar o m\u00e1ximo de diretos dos trabalhadores, para deixar as empresas \u2018atraentes\u2019 para os compradores\u201d explicou Jef\u00e3o. \u201cFoi uma bomba-rel\u00f3gio armada pelo governo anterior para estourar no colo do atual governo. Mas, temos certeza de que o atual governo, que tem compromisso com a classe trabalhadora, n\u00e3o quer dar continuidade a esta pol\u00edtica extremamente prejudicial aos empregados de empresas estatais e vai desarmar esta bomba\u201d, completou.<\/p>\n<h3><strong>Preju\u00edzos aos trabalhadores<\/strong><\/h3>\n<p>Para o presidente da Federa\u00e7\u00e3o Nacional das Associa\u00e7\u00f5es do Pessoal da Caixa (Fenae), Sergio Takemoto, \u201ca CGPAR 42 \u00e9 mais um obst\u00e1culo que temos de enfrentar para garantir a sustentabilidade e o direito a um plano de sa\u00fade vi\u00e1vel e com qualidade a todos os empregados e aposentados do banco\u201d, disse. \u201cHoje, os empregados da Caixa j\u00e1 sofrem os efeitos da limita\u00e7\u00e3o imposta pelo teto de 6,5% para custeio do plano de sa\u00fade, previsto no estatuto da empresa, e essa situa\u00e7\u00e3o pode ficar ainda mais cr\u00edtica. Por isso, estamos na luta pela revoga\u00e7\u00e3o dessa resolu\u00e7\u00e3o e para derrubar o limite de 6,5% do estatuto da Caixa\u201d, explicou.<\/p>\n<p><a href=\"https:\/\/contrafcut.com.br\/noticias\/cgpar-42-apos-manifestacao-trabalhadores-conquistam-avancos-na-negociacao-com-o-governo\" target=\"_blank\" rel=\"noopener noreferrer\">A comiss\u00e3o foi criada<\/a>\u00a0ap\u00f3s manifesta\u00e7\u00e3o dos trabalhadores em frente ao Minist\u00e9rio do Planejamento, Or\u00e7amento e Gest\u00e3o, em Bras\u00edlia, no dia 29 de novembro. O prazo para conclus\u00e3o dos debates \u00e9 de 90 dias.<\/p>\n<p><strong>Fonte: Contraf-CUT<\/strong><\/p>\n","protected":false},"excerpt":{"rendered":"<p>A comiss\u00e3o formada por representantes de empregados de empresas estatais e do governo se re\u00fane, nesta quinta-feira (7), a partir das 11h, para iniciar as conversa\u00e7\u00f5es sobre a Resolu\u00e7\u00e3o 42 da Comiss\u00e3o Interministerial de Governan\u00e7a Corporativa e de Administra\u00e7\u00e3o de Participa\u00e7\u00f5es Societ\u00e1rias da Uni\u00e3o (Sest), editada em agosto de 2022, na \u00e9poca subordinada ao minist\u00e9rio [&hellip;]<\/p>\n","protected":false},"author":2,"featured_media":14798,"comment_status":"","ping_status":"","sticky":false,"template":"","format":"standard","meta":{"footnotes":""},"categories":[3],"tags":[],"class_list":["post-14799","post","type-post","status-publish","format-standard","has-post-thumbnail","hentry","category-noticias"],"_links":{"self":[{"href":"https:\/\/hostnetart.com.br\/baixada\/wp-json\/wp\/v2\/posts\/14799","targetHints":{"allow":["GET"]}}],"collection":[{"href":"https:\/\/hostnetart.com.br\/baixada\/wp-json\/wp\/v2\/posts"}],"about":[{"href":"https:\/\/hostnetart.com.br\/baixada\/wp-json\/wp\/v2\/types\/post"}],"author":[{"embeddable":true,"href":"https:\/\/hostnetart.com.br\/baixada\/wp-json\/wp\/v2\/users\/2"}],"replies":[{"embeddable":true,"href":"https:\/\/hostnetart.com.br\/baixada\/wp-json\/wp\/v2\/comments?post=14799"}],"version-history":[{"count":0,"href":"https:\/\/hostnetart.com.br\/baixada\/wp-json\/wp\/v2\/posts\/14799\/revisions"}],"wp:featuredmedia":[{"embeddable":true,"href":"https:\/\/hostnetart.com.br\/baixada\/wp-json\/wp\/v2\/media\/14798"}],"wp:attachment":[{"href":"https:\/\/hostnetart.com.br\/baixada\/wp-json\/wp\/v2\/media?parent=14799"}],"wp:term":[{"taxonomy":"category","embeddable":true,"href":"https:\/\/hostnetart.com.br\/baixada\/wp-json\/wp\/v2\/categories?post=14799"},{"taxonomy":"post_tag","embeddable":true,"href":"https:\/\/hostnetart.com.br\/baixada\/wp-json\/wp\/v2\/tags?post=14799"}],"curies":[{"name":"wp","href":"https:\/\/api.w.org\/{rel}","templated":true}]}}