{"id":14797,"date":"2023-12-07T13:30:11","date_gmt":"2023-12-07T16:30:11","guid":{"rendered":"https:\/\/hostnetart.com.br\/baixada\/caixa-vai-antecipar-pagamento-e-cesta-alimentacao\/"},"modified":"2023-12-07T13:30:11","modified_gmt":"2023-12-07T16:30:11","slug":"caixa-vai-antecipar-pagamento-e-cesta-alimentacao","status":"publish","type":"post","link":"https:\/\/hostnetart.com.br\/baixada\/caixa-vai-antecipar-pagamento-e-cesta-alimentacao\/","title":{"rendered":"Caixa vai antecipar pagamento e cesta alimenta\u00e7\u00e3o"},"content":{"rendered":"<p>A Caixa Econ\u00f4mica Federal enviou, na \u00faltima ter\u00e7a-feira, 5 de dezembro, um comunicado para todas suas unidades informando que antecipar\u00e1 o pagamento de dezembro e a cesta alimenta\u00e7\u00e3o para o dia 15. Normalmente os cr\u00e9ditos s\u00e3o efetuados no dia 20.<\/p>\n<p>Segundo o banco, a antecipa\u00e7\u00e3o visa promover disponibilidade financeira aos empregados no final de semana que antecede o Natal, em reconhecimento dos resultados alcan\u00e7ados. Nos\u00a0<a href=\"https:\/\/contrafcut.com.br\/noticias\/caixa-retoma-crescimento-no-mercado-imobiliario\" target=\"_blank\" rel=\"noopener noreferrer\">nove primeiros meses de 2023<\/a>, a Caixa obteve lucro l\u00edquido de R$ 7,8 bilh\u00f5es, 2,1% maior na compara\u00e7\u00e3o com o mesmo per\u00edodo de 2022. Considerando apenas o terceiro trimestre, o lucro foi de R$ 3,2 bilh\u00f5es, aumento de 25,5% em rela\u00e7\u00e3o ao trimestre anterior.<\/p>\n<p>Para a coordenadora da Comiss\u00e3o Executiva dos Empregados (CEE) da Caixa, Fabiana Uehara Proscholdt, \u00e9 importante que a Caixa tenha reconhecido o desempenho dos colegas e feito esta antecipa\u00e7\u00e3o. \u201cEste reconhecimento precisa vir tamb\u00e9m com avan\u00e7os nos debates e nas propostas para solucionar diversas demandas que apresentamos para a Caixa e continuam empacadas, como o fim da cobran\u00e7a excessiva de metas, a revoga\u00e7\u00e3o do Minha Trajet\u00f3ria, que \u00e9 uma continuidade do antigo programa de Gest\u00e3o de Desempenho de Pessoas, a corre\u00e7\u00e3o de problemas do teletrabalho, enfim, da\u00a0<a href=\"https:\/\/contrafcut.com.br\/noticias\/empregados-querem-fim-da-cultura-do-assedio-na-caixa\" target=\"_blank\" rel=\"noopener noreferrer\">pauta de reivindica\u00e7\u00f5es<\/a>\u00a0que, mais de uma vez, j\u00e1 apresentamos \u00e0 Caixa\u201d, disse.<\/p>\n<p>Para eventuais esclarecimentos sobre a antecipa\u00e7\u00e3o do pagamento e da Cesta Alimenta\u00e7\u00e3o a indica\u00e7\u00e3o \u00e9 procurar orienta\u00e7\u00e3o com os dirigentes do sindicato da sua base, ou acessar, pela intranet, a ferramenta Servi\u00e7os.Caixa (htpp:\/\/servicos.caixa).<\/p>\n<p><strong>Fonte: Contraf-CUT<\/strong><\/p>\n","protected":false},"excerpt":{"rendered":"<p>A Caixa Econ\u00f4mica Federal enviou, na \u00faltima ter\u00e7a-feira, 5 de dezembro, um comunicado para todas suas unidades informando que antecipar\u00e1 o pagamento de dezembro e a cesta alimenta\u00e7\u00e3o para o dia 15. Normalmente os cr\u00e9ditos s\u00e3o efetuados no dia 20. Segundo o banco, a antecipa\u00e7\u00e3o visa promover disponibilidade financeira aos empregados no final de semana [&hellip;]<\/p>\n","protected":false},"author":2,"featured_media":14796,"comment_status":"","ping_status":"","sticky":false,"template":"","format":"standard","meta":{"footnotes":""},"categories":[3],"tags":[],"class_list":["post-14797","post","type-post","status-publish","format-standard","has-post-thumbnail","hentry","category-noticias"],"_links":{"self":[{"href":"https:\/\/hostnetart.com.br\/baixada\/wp-json\/wp\/v2\/posts\/14797","targetHints":{"allow":["GET"]}}],"collection":[{"href":"https:\/\/hostnetart.com.br\/baixada\/wp-json\/wp\/v2\/posts"}],"about":[{"href":"https:\/\/hostnetart.com.br\/baixada\/wp-json\/wp\/v2\/types\/post"}],"author":[{"embeddable":true,"href":"https:\/\/hostnetart.com.br\/baixada\/wp-json\/wp\/v2\/users\/2"}],"replies":[{"embeddable":true,"href":"https:\/\/hostnetart.com.br\/baixada\/wp-json\/wp\/v2\/comments?post=14797"}],"version-history":[{"count":0,"href":"https:\/\/hostnetart.com.br\/baixada\/wp-json\/wp\/v2\/posts\/14797\/revisions"}],"wp:featuredmedia":[{"embeddable":true,"href":"https:\/\/hostnetart.com.br\/baixada\/wp-json\/wp\/v2\/media\/14796"}],"wp:attachment":[{"href":"https:\/\/hostnetart.com.br\/baixada\/wp-json\/wp\/v2\/media?parent=14797"}],"wp:term":[{"taxonomy":"category","embeddable":true,"href":"https:\/\/hostnetart.com.br\/baixada\/wp-json\/wp\/v2\/categories?post=14797"},{"taxonomy":"post_tag","embeddable":true,"href":"https:\/\/hostnetart.com.br\/baixada\/wp-json\/wp\/v2\/tags?post=14797"}],"curies":[{"name":"wp","href":"https:\/\/api.w.org\/{rel}","templated":true}]}}