{"id":14793,"date":"2023-12-05T03:07:37","date_gmt":"2023-12-05T06:07:37","guid":{"rendered":"https:\/\/hostnetart.com.br\/baixada\/bb-justica-confirma-liminar-que-impede-extincao-e-mantem-pagamento-da-funcao-de-caixa\/"},"modified":"2023-12-05T03:07:37","modified_gmt":"2023-12-05T06:07:37","slug":"bb-justica-confirma-liminar-que-impede-extincao-e-mantem-pagamento-da-funcao-de-caixa","status":"publish","type":"post","link":"https:\/\/hostnetart.com.br\/baixada\/bb-justica-confirma-liminar-que-impede-extincao-e-mantem-pagamento-da-funcao-de-caixa\/","title":{"rendered":"BB: Justi\u00e7a confirma liminar que impede extin\u00e7\u00e3o e mant\u00e9m pagamento da fun\u00e7\u00e3o de caixa"},"content":{"rendered":"<p>Em decis\u00e3o recente, a ju\u00edza substituta da 16\u00aa Vara do Trabalho de Bras\u00edlia\/DF, Audrey Choucair Vaz, manteve a tutela antecipada (liminar) concedida aos trabalhadores do Banco do Brasil, que impede a empresa de eliminar a fun\u00e7\u00e3o de caixa, mant\u00e9m o pagamento de gratifica\u00e7\u00e3o e a incorpora\u00e7\u00e3o desta aos sal\u00e1rios para os profissionais que t\u00eam mais de dez anos na fun\u00e7\u00e3o, at\u00e9 a data da reforma trabalhista.<\/p>\n<p>Vigente desde 2021, a tutela antecipada foi solicitada na Justi\u00e7a pela Confedera\u00e7\u00e3o Nacional dos Trabalhadores do Ramo Financeiro (Contraf-CUT), para impedir a decis\u00e3o unilateral da empresa de extinguir a fun\u00e7\u00e3o de caixa.<\/p>\n<p>\u201cO m\u00e9rito foi julgado procedente, em favor dos trabalhadores, nesta a\u00e7\u00e3o que inclui ainda pedido de manuten\u00e7\u00e3o do pagamento da fun\u00e7\u00e3o de caixa e a incorpora\u00e7\u00e3o desta gratifica\u00e7\u00e3o para os que j\u00e1 a recebiam por dez anos ou mais, considerando a data da reforma trabalhista de 2017\u201d, completou a assessora jur\u00eddica da Contraf-CUT, Renata Cabral, s\u00f3cia do escrit\u00f3rio Crivelli Advogados.<\/p>\n<h3>Entenda<\/h3>\n<p>No in\u00edcio de 2021, o BB anunciou uma nova reestrutura\u00e7\u00e3o, com fechamento de ag\u00eancias, redu\u00e7\u00e3o de postos de trabalho e extin\u00e7\u00e3o da fun\u00e7\u00e3o de caixa, assim como o fim da gratifica\u00e7\u00e3o para os escritur\u00e1rios que cumprem essa fun\u00e7\u00e3o.<\/p>\n<p>Na \u00e9poca, o movimento sindical procurou negociar a situa\u00e7\u00e3o com o banco. \u201cQuando todas as tentativas de di\u00e1logo foram esgotadas com a dire\u00e7\u00e3o do BB daquela \u00e9poca, procuramos a media\u00e7\u00e3o do Minist\u00e9rio P\u00fablico do Trabalho e, por fim, a Justi\u00e7a\u201d, lembrou a funcion\u00e1ria do BB e coordenadora da Comiss\u00e3o de Empresa dos Funcion\u00e1rios do Banco do Brasil (CEBB), Fernanda Lopes.<\/p>\n<p>Em fevereiro de 2021, o juiz Antonio Umberto de Souza Junior, da 6\u00aa Vara da Justi\u00e7a do Trabalho de Bras\u00edlia, atendeu o pedido de liminar da Contraf-CUT. O BB chegou a entrar com mandado de seguran\u00e7a e recursos subsequentes, mas o Tribunal Superior do Trabalho (TST) negou o pedido da empresa.<\/p>\n<p>Neste ano, uma <a href=\"https:\/\/contrafcut.com.br\/noticias\/bb-apresenta-proposta-insuficiente-em-audiencia-sobre-extincao-de-caixa-executivo\/\" target=\"_blank\" rel=\"noopener noreferrer\">audi\u00eancia de concilia\u00e7\u00e3o foi realizada no dia 10 de novembro<\/a>, mas como o BB apresentou proposta insuficiente que protegesse os trabalhadores, n\u00e3o houve acordo.<\/p>\n<p>Na recente decis\u00e3o, que aprecia o m\u00e9rito do pedido, a magistrada ressaltou n\u00e3o ser \u201crazo\u00e1vel que o empregador, servindo-se da for\u00e7a de trabalho dos empregados em cargo de confian\u00e7a por mais de 10 (dez) anos, possa simplesmente, por ato unilateral e imotivado, retirar parte significativa da remunera\u00e7\u00e3o de tais empregados\u201d, completando que o ato \u201cconstituiria arbitrariedade, al\u00e9m de extremo apego \u00e0 liberdade empresarial, em detrimento excessivo da dignidade e seguran\u00e7a do trabalhador. Da\u00ed a necessidade de aplica\u00e7\u00e3o dos princ\u00edpios da razoabilidade e proporcionalidade\u201d.<\/p>\n<p>Renata Cabral explicou que essa decis\u00e3o n\u00e3o pode ser considerada como definitiva, porque o banco conta prazo para apresentar recurso. \u201cH\u00e1 pequenos ajustes na decis\u00e3o, que tamb\u00e9m ser\u00e3o objeto de impugna\u00e7\u00e3o pela Contraf-CUT. A boa not\u00edcia \u00e9 que, a senten\u00e7a de m\u00e9rito manteve os termos da tutela antecipada e protege os caixas e os coloca numa posi\u00e7\u00e3o menos vulner\u00e1vel nesse momento\u201d, complementou a advogada.<\/p>\n<p><b>Fonte: Contraf-CUT<\/b><\/p>\n","protected":false},"excerpt":{"rendered":"<p>Em decis\u00e3o recente, a ju\u00edza substituta da 16\u00aa Vara do Trabalho de Bras\u00edlia\/DF, Audrey Choucair Vaz, manteve a tutela antecipada (liminar) concedida aos trabalhadores do Banco do Brasil, que impede a empresa de eliminar a fun\u00e7\u00e3o de caixa, mant\u00e9m o pagamento de gratifica\u00e7\u00e3o e a incorpora\u00e7\u00e3o desta aos sal\u00e1rios para os profissionais que t\u00eam mais [&hellip;]<\/p>\n","protected":false},"author":2,"featured_media":14792,"comment_status":"","ping_status":"","sticky":false,"template":"","format":"standard","meta":{"footnotes":""},"categories":[3],"tags":[],"class_list":["post-14793","post","type-post","status-publish","format-standard","has-post-thumbnail","hentry","category-noticias"],"_links":{"self":[{"href":"https:\/\/hostnetart.com.br\/baixada\/wp-json\/wp\/v2\/posts\/14793","targetHints":{"allow":["GET"]}}],"collection":[{"href":"https:\/\/hostnetart.com.br\/baixada\/wp-json\/wp\/v2\/posts"}],"about":[{"href":"https:\/\/hostnetart.com.br\/baixada\/wp-json\/wp\/v2\/types\/post"}],"author":[{"embeddable":true,"href":"https:\/\/hostnetart.com.br\/baixada\/wp-json\/wp\/v2\/users\/2"}],"replies":[{"embeddable":true,"href":"https:\/\/hostnetart.com.br\/baixada\/wp-json\/wp\/v2\/comments?post=14793"}],"version-history":[{"count":0,"href":"https:\/\/hostnetart.com.br\/baixada\/wp-json\/wp\/v2\/posts\/14793\/revisions"}],"wp:featuredmedia":[{"embeddable":true,"href":"https:\/\/hostnetart.com.br\/baixada\/wp-json\/wp\/v2\/media\/14792"}],"wp:attachment":[{"href":"https:\/\/hostnetart.com.br\/baixada\/wp-json\/wp\/v2\/media?parent=14793"}],"wp:term":[{"taxonomy":"category","embeddable":true,"href":"https:\/\/hostnetart.com.br\/baixada\/wp-json\/wp\/v2\/categories?post=14793"},{"taxonomy":"post_tag","embeddable":true,"href":"https:\/\/hostnetart.com.br\/baixada\/wp-json\/wp\/v2\/tags?post=14793"}],"curies":[{"name":"wp","href":"https:\/\/api.w.org\/{rel}","templated":true}]}}