{"id":14791,"date":"2023-12-04T19:10:08","date_gmt":"2023-12-04T22:10:08","guid":{"rendered":"https:\/\/hostnetart.com.br\/baixada\/trabalhadores-do-santander-recebem-salario-13-e-vales-no-dia-20-de-dezembro\/"},"modified":"2023-12-04T19:10:08","modified_gmt":"2023-12-04T22:10:08","slug":"trabalhadores-do-santander-recebem-salario-13-e-vales-no-dia-20-de-dezembro","status":"publish","type":"post","link":"https:\/\/hostnetart.com.br\/baixada\/trabalhadores-do-santander-recebem-salario-13-e-vales-no-dia-20-de-dezembro\/","title":{"rendered":"Trabalhadores do Santander recebem sal\u00e1rio, 13\u00ba e vales no dia 20 de dezembro"},"content":{"rendered":"<p>O Banco Santander anunciou que ir\u00e1 adiantar o sal\u00e1rio do m\u00eas de dezembro, a segunda parcela do 13\u00ba e os vales alimenta\u00e7\u00e3o e refei\u00e7\u00e3o (VA\/VR) para o pr\u00f3ximo dia 20.<\/p>\n<p>\u201cTodo ano o movimento sindical faz uma reivindica\u00e7\u00e3o para que ocorra a antecipa\u00e7\u00e3o dessas importantes conquistas da categoria, garantidas tanto no ACT (Acordo Coletivo de Trabalho) espec\u00edfico do Santander, quanto na CCT (Conven\u00e7\u00e3o Coletiva de Trabalho), tendo em vista as festas de final de ano, que elevam os gastos pessoais\u201d, explicou a coordenadora da Comiss\u00e3o de Organiza\u00e7\u00e3o dos Empregados (COE) do Santander, Wanessa de Queiroz.<\/p>\n<p>A remunera\u00e7\u00e3o vari\u00e1vel do segundo semestre de 2023, junto com os valores do Programa Pr\u00f3prio de Resultados Santander (PPRS) e a Participa\u00e7\u00e3o nos Lucros e Resultados (PLR), ser\u00e1 paga em fevereiro de 2024, tamb\u00e9m conforme a CCT e o ACT espec\u00edfico dos trabalhadores do Santander, ambos com vig\u00eancia at\u00e9 31 de agosto de 2024.<\/p>\n<p><b>Fonte: Contraf-CUT<\/b><\/p>\n","protected":false},"excerpt":{"rendered":"<p>O Banco Santander anunciou que ir\u00e1 adiantar o sal\u00e1rio do m\u00eas de dezembro, a segunda parcela do 13\u00ba e os vales alimenta\u00e7\u00e3o e refei\u00e7\u00e3o (VA\/VR) para o pr\u00f3ximo dia 20. \u201cTodo ano o movimento sindical faz uma reivindica\u00e7\u00e3o para que ocorra a antecipa\u00e7\u00e3o dessas importantes conquistas da categoria, garantidas tanto no ACT (Acordo Coletivo de [&hellip;]<\/p>\n","protected":false},"author":2,"featured_media":14790,"comment_status":"","ping_status":"","sticky":false,"template":"","format":"standard","meta":{"footnotes":""},"categories":[3],"tags":[],"class_list":["post-14791","post","type-post","status-publish","format-standard","has-post-thumbnail","hentry","category-noticias"],"_links":{"self":[{"href":"https:\/\/hostnetart.com.br\/baixada\/wp-json\/wp\/v2\/posts\/14791","targetHints":{"allow":["GET"]}}],"collection":[{"href":"https:\/\/hostnetart.com.br\/baixada\/wp-json\/wp\/v2\/posts"}],"about":[{"href":"https:\/\/hostnetart.com.br\/baixada\/wp-json\/wp\/v2\/types\/post"}],"author":[{"embeddable":true,"href":"https:\/\/hostnetart.com.br\/baixada\/wp-json\/wp\/v2\/users\/2"}],"replies":[{"embeddable":true,"href":"https:\/\/hostnetart.com.br\/baixada\/wp-json\/wp\/v2\/comments?post=14791"}],"version-history":[{"count":0,"href":"https:\/\/hostnetart.com.br\/baixada\/wp-json\/wp\/v2\/posts\/14791\/revisions"}],"wp:featuredmedia":[{"embeddable":true,"href":"https:\/\/hostnetart.com.br\/baixada\/wp-json\/wp\/v2\/media\/14790"}],"wp:attachment":[{"href":"https:\/\/hostnetart.com.br\/baixada\/wp-json\/wp\/v2\/media?parent=14791"}],"wp:term":[{"taxonomy":"category","embeddable":true,"href":"https:\/\/hostnetart.com.br\/baixada\/wp-json\/wp\/v2\/categories?post=14791"},{"taxonomy":"post_tag","embeddable":true,"href":"https:\/\/hostnetart.com.br\/baixada\/wp-json\/wp\/v2\/tags?post=14791"}],"curies":[{"name":"wp","href":"https:\/\/api.w.org\/{rel}","templated":true}]}}