{"id":1479,"date":"2013-09-11T00:00:00","date_gmt":"2013-09-11T03:00:00","guid":{"rendered":"https:\/\/hostnetart.com.br\/baixada\/terceirizados-protestam-contra-falta-de-pagamentos-na-bahia\/"},"modified":"2013-09-11T00:00:00","modified_gmt":"2013-09-11T03:00:00","slug":"terceirizados-protestam-contra-falta-de-pagamentos-na-bahia","status":"publish","type":"post","link":"https:\/\/hostnetart.com.br\/baixada\/terceirizados-protestam-contra-falta-de-pagamentos-na-bahia\/","title":{"rendered":"Terceirizados protestam contra falta de pagamentos na Bahia"},"content":{"rendered":"<p>Quatro trabalhadores terceirizados que prestam servi\u00e7os de limpeza em escolas p\u00fablicas no Estado da Bahia iniciaram na segunda-feira (9) um protesto contra o atraso nos sal\u00e1rios e o n\u00e3o pagamento de direitos, como vale transporte, ticket refei\u00e7\u00e3o, f\u00e9rias, plano de sa\u00fade, FGTS e INSS. H\u00e1 funcion\u00e1rios que est\u00e3o h\u00e1 tr\u00eas meses sem receber sal\u00e1rios.<\/p>\n<p>\u00a0<br \/>Os trabalhadores encontram-se acorrentados em frente \u00e0s secretarias estaduais no Centro Administrativo da Bahia (CAB) e iniciaram uma greve de fome.<\/p>\n<p>\u00a0<br \/>O diretor do Sindicato dos Trabalhadores em Limpeza do Estado da Bahia (Sindilimp-BA), Edson Concei\u00e7\u00e3o, \u00e9 um dos acorrentados e garantiu que os trabalhadores s\u00f3 sair\u00e3o do CAB depois que a situa\u00e7\u00e3o salarial for completamente solucionada.<\/p>\n<p>\u00a0<br \/>\u201cNo primeiro dia teve um princ\u00edpio de confus\u00e3o porque a pol\u00edcia tentou nos tirar daqui. Estamos pacificamente nos mobilizando e s\u00f3 sairemos depois os sal\u00e1rios forem pagos. Se tentarem novamente no tirar com a for\u00e7a policial vamos resistir\u201d, declarou.<\/p>\n<p>\u00a0<br \/>Casos como este mostram o tamanho do preju\u00edzo para a povo brasileiro caso o projeto de Lei 4330 de autoria do deputado e empres\u00e1rio Sandro Mabel (PMDB-GO) seja aprovado.<\/p>\n<p>\u00a0<br \/>Al\u00e9m de instituir a terceiriza\u00e7\u00e3o desenfreada, o projeto extingue a responsabilidade solid\u00e1ria, quando a empresa contratante assume as pend\u00eancias deixadas pela terceira, e permite a terceiriza\u00e7\u00e3o em todos as esferas p\u00fablicas (Federal, Estadual e Municipal).<\/p>\n<p>\u00a0<\/p>\n<p>Fonte: CUT com site Bahia 40 Graus e Boc\u00e3o News<\/p>\n","protected":false},"excerpt":{"rendered":"<p>Quatro trabalhadores terceirizados que prestam servi\u00e7os de limpeza em escolas p\u00fablicas no Estado da Bahia iniciaram na segunda-feira (9) um protesto contra o atraso nos sal\u00e1rios e o n\u00e3o pagamento de direitos, como vale transporte, ticket refei\u00e7\u00e3o, f\u00e9rias, plano de sa\u00fade, FGTS e INSS. H\u00e1 funcion\u00e1rios que est\u00e3o h\u00e1 tr\u00eas meses sem receber sal\u00e1rios. \u00a0Os [&hellip;]<\/p>\n","protected":false},"author":1,"featured_media":0,"comment_status":"","ping_status":"","sticky":false,"template":"","format":"standard","meta":{"footnotes":""},"categories":[3],"tags":[],"class_list":["post-1479","post","type-post","status-publish","format-standard","hentry","category-noticias"],"_links":{"self":[{"href":"https:\/\/hostnetart.com.br\/baixada\/wp-json\/wp\/v2\/posts\/1479","targetHints":{"allow":["GET"]}}],"collection":[{"href":"https:\/\/hostnetart.com.br\/baixada\/wp-json\/wp\/v2\/posts"}],"about":[{"href":"https:\/\/hostnetart.com.br\/baixada\/wp-json\/wp\/v2\/types\/post"}],"author":[{"embeddable":true,"href":"https:\/\/hostnetart.com.br\/baixada\/wp-json\/wp\/v2\/users\/1"}],"replies":[{"embeddable":true,"href":"https:\/\/hostnetart.com.br\/baixada\/wp-json\/wp\/v2\/comments?post=1479"}],"version-history":[{"count":0,"href":"https:\/\/hostnetart.com.br\/baixada\/wp-json\/wp\/v2\/posts\/1479\/revisions"}],"wp:attachment":[{"href":"https:\/\/hostnetart.com.br\/baixada\/wp-json\/wp\/v2\/media?parent=1479"}],"wp:term":[{"taxonomy":"category","embeddable":true,"href":"https:\/\/hostnetart.com.br\/baixada\/wp-json\/wp\/v2\/categories?post=1479"},{"taxonomy":"post_tag","embeddable":true,"href":"https:\/\/hostnetart.com.br\/baixada\/wp-json\/wp\/v2\/tags?post=1479"}],"curies":[{"name":"wp","href":"https:\/\/api.w.org\/{rel}","templated":true}]}}