{"id":14787,"date":"2023-12-01T15:44:05","date_gmt":"2023-12-01T18:44:05","guid":{"rendered":"https:\/\/hostnetart.com.br\/baixada\/congresso-aprova-dia-nacional-de-zumbi-e-da-consciencia-negra-como-feriado-nacional\/"},"modified":"2023-12-01T15:44:05","modified_gmt":"2023-12-01T18:44:05","slug":"congresso-aprova-dia-nacional-de-zumbi-e-da-consciencia-negra-como-feriado-nacional","status":"publish","type":"post","link":"https:\/\/hostnetart.com.br\/baixada\/congresso-aprova-dia-nacional-de-zumbi-e-da-consciencia-negra-como-feriado-nacional\/","title":{"rendered":"Congresso aprova Dia Nacional de Zumbi e da Consci\u00eancia Negra como feriado nacional"},"content":{"rendered":"<p>A C\u00e2mara dos Deputados aprovou, por 286 voto a favor e 121 contr\u00e1rios, o Projeto de Lei n\u00ba 482\/2017, nesta quarta-feira (29). O texto, de autoria do senador Randolfe Rodrigues (REDE-AP) e que j\u00e1 havia sido aprovado no Senado em 2021, declara o dia 20 de novembro como feriado nacional, em comemora\u00e7\u00e3o ao Dia Nacional de Zumbi e da Consci\u00eancia Negra. O projeto segue para a san\u00e7\u00e3o do presidente Luiz In\u00e1cio Lula da Silva.<\/p>\n<p>\u201cO 20 de novembro tem um objetivo claro que n\u00e3o \u00e9 simplesmente uma data comemorativa, mas de conscientiza\u00e7\u00e3o, para refor\u00e7ar discuss\u00f5es e a\u00e7\u00f5es importantes no combate ao racismo e \u00e0 desigualdade social em nosso pa\u00eds\u201d, explicou o secret\u00e1rio de Combate ao Racismo da Confedera\u00e7\u00e3o Nacional dos Trabalhadores do Ramo Financeiro (Contraf-CUT), Almir Aguiar.<\/p>\n<p>Atualmente, o 20 de novembro \u00e9 celebrado em mais de mil cidades brasileiras e em alguns estados, como Alagoas, Amazonas, Mato Grosso, Rio de Janeiro e S\u00e3o Paulo. \u201cCom essa lei aprovada no Congresso e que, acreditamos, muito em breve ser\u00e1 sancionada pelo presidente Lula, se tornar\u00e1 feriado nacional\u201d, completou Almir Aguiar.<\/p>\n<p>\u201cZumbi dos Palmares foi um dos maiores democratas que encontramos na luta de um povo por sua liberdade. Um homem que conseguiu manter a chama viva, ardente nos nossos cora\u00e7\u00f5es, nas nossas veias, nas nossas almas, que fez com que esse Brasil pudesse reconhec\u00ea-lo como her\u00f3i da p\u00e1tria brasileira, n\u00e3o her\u00f3i dos negros. E \u00e9 esse legado deixado pela Constituinte, junto com o senador Paulo Paim [autor da proposta] h\u00e1 35 anos n\u00f3s defendemos essa causa. N\u00e3o \u00e9 apenas um feriado qualquer. \u00c9 uma hist\u00f3ria do Brasil\u201d, <a href=\"https:\/\/g1.globo.com\/google\/amp\/politica\/noticia\/2023\/11\/29\/camara-aprova-projeto-que-torna-dia-da-consciencia-negra-feriado-nacional-texto-vai-a-sancao.ghtml\">disse a deputada Benedita da Silva (PT-RJ), durante sua vota\u00e7\u00e3o<\/a>.<\/p>\n<p>A relatora do PL na C\u00e2mara, deputada Reginete Bispo (PT-RS), destacou que a aprova\u00e7\u00e3o do texto deve ser considerada hist\u00f3rica para o Brasil. \u201cO 20 de novembro n\u00e3o \u00e9 somente um feriado, aqui \u00e9 rememorar os quase quatro s\u00e9culos de luta contra a escravid\u00e3o neste pa\u00eds. \u00c9 rememorar a luta cotidiana das mulheres, da juventude negra deste pa\u00eds, que luta por justi\u00e7a, por liberdade e por direitos. Ter o 20 de novembro como uma data que reverencia um her\u00f3i negro, Zumbi dos Palmares, que lutou contra a escravid\u00e3o, \u00e9 reconhecer 60% do povo que estava inviabilizado e que pela primeira vez vai ter um feriado para celebrar a sua hist\u00f3ria, a sua mem\u00f3ria\u201d, destacou.<\/p>\n<p>O presidente da Funda\u00e7\u00e3o Cultural Palmares, <a href=\"https:\/\/www.gov.br\/palmares\/pt-br\/assuntos\/noticias\/camara-aprova-feriado-nacional-de-dia-de-zumbi-e-da-consciencia-negra\">Jo\u00e3o Jorge Rodrigues Santos, refor\u00e7ou que a data<\/a> inclui como homenageados, entre tantos outros, \u201cDandara dos Palmares, Acotirene, Aqualtune, mulheres e homens que fizeram daquela experi\u00eancia da Rep\u00fablica Negra, da Rep\u00fablica Popular Brasileira, entre 1595 e 1695, uma experi\u00eancia exitosa\u201d. Ele ainda ressaltou que a transforma\u00e7\u00e3o do 20 de novembro em data nacional de conscientiza\u00e7\u00e3o \u00e9 uma conquista de v\u00e1rias gera\u00e7\u00f5es, que incluem os pioneiros abolicionistas Jos\u00e9 do Patroc\u00ednio, Joaquim Nabuco, Lu\u00eds Gama, o ex-escravizado que se tornou advogado; Maria Tom\u00e1sia Figueira Lima, a aristocrata que lutou para adiantar a aboli\u00e7\u00e3o no Cear\u00e1; Andr\u00e9 Rebou\u00e7as, o engenheiro que queria dar terras aos libertos; Adelina, a charuteira que atuava como \u2018espi\u00e3\u2019; Drag\u00e3o do Mar, o jangadeiro que se recusou a transportar escravizados para os navios; e Maria Firmina dos Reis, a primeira escritora abolicionista.<br \/><b><br \/>Fonte: Contraf-CUT<\/b><\/p>\n","protected":false},"excerpt":{"rendered":"<p>A C\u00e2mara dos Deputados aprovou, por 286 voto a favor e 121 contr\u00e1rios, o Projeto de Lei n\u00ba 482\/2017, nesta quarta-feira (29). O texto, de autoria do senador Randolfe Rodrigues (REDE-AP) e que j\u00e1 havia sido aprovado no Senado em 2021, declara o dia 20 de novembro como feriado nacional, em comemora\u00e7\u00e3o ao Dia Nacional [&hellip;]<\/p>\n","protected":false},"author":2,"featured_media":14786,"comment_status":"","ping_status":"","sticky":false,"template":"","format":"standard","meta":{"footnotes":""},"categories":[3],"tags":[],"class_list":["post-14787","post","type-post","status-publish","format-standard","has-post-thumbnail","hentry","category-noticias"],"_links":{"self":[{"href":"https:\/\/hostnetart.com.br\/baixada\/wp-json\/wp\/v2\/posts\/14787","targetHints":{"allow":["GET"]}}],"collection":[{"href":"https:\/\/hostnetart.com.br\/baixada\/wp-json\/wp\/v2\/posts"}],"about":[{"href":"https:\/\/hostnetart.com.br\/baixada\/wp-json\/wp\/v2\/types\/post"}],"author":[{"embeddable":true,"href":"https:\/\/hostnetart.com.br\/baixada\/wp-json\/wp\/v2\/users\/2"}],"replies":[{"embeddable":true,"href":"https:\/\/hostnetart.com.br\/baixada\/wp-json\/wp\/v2\/comments?post=14787"}],"version-history":[{"count":0,"href":"https:\/\/hostnetart.com.br\/baixada\/wp-json\/wp\/v2\/posts\/14787\/revisions"}],"wp:featuredmedia":[{"embeddable":true,"href":"https:\/\/hostnetart.com.br\/baixada\/wp-json\/wp\/v2\/media\/14786"}],"wp:attachment":[{"href":"https:\/\/hostnetart.com.br\/baixada\/wp-json\/wp\/v2\/media?parent=14787"}],"wp:term":[{"taxonomy":"category","embeddable":true,"href":"https:\/\/hostnetart.com.br\/baixada\/wp-json\/wp\/v2\/categories?post=14787"},{"taxonomy":"post_tag","embeddable":true,"href":"https:\/\/hostnetart.com.br\/baixada\/wp-json\/wp\/v2\/tags?post=14787"}],"curies":[{"name":"wp","href":"https:\/\/api.w.org\/{rel}","templated":true}]}}