{"id":14785,"date":"2023-11-30T16:57:35","date_gmt":"2023-11-30T19:57:35","guid":{"rendered":"https:\/\/hostnetart.com.br\/baixada\/frente-progressista-e-criada-para-defender-a-soberania-nacional\/"},"modified":"2023-11-30T16:57:35","modified_gmt":"2023-11-30T19:57:35","slug":"frente-progressista-e-criada-para-defender-a-soberania-nacional","status":"publish","type":"post","link":"https:\/\/hostnetart.com.br\/baixada\/frente-progressista-e-criada-para-defender-a-soberania-nacional\/","title":{"rendered":"Frente progressista \u00e9 criada para defender a soberania nacional"},"content":{"rendered":"<div class=\"elementor-element elementor-element-194680ec elementor-widget elementor-widget-theme-post-content\" data-id=\"194680ec\" data-element_type=\"widget\" data-widget_type=\"theme-post-content.default\">\n<div class=\"elementor-widget-container\">\n<p>O deputado Patrus Ananias (PT-MG) discursa no lan\u00e7amento da Frente Nacional em Defesa da Soberania Nacional, que teve presen\u00e7a de representantes de movimentos sociais e entidades sindicais Foto: Vinicius Loures\/C\u00e2mara dos Deputados<\/p>\n<p>Foi lan\u00e7ada nesta quarta-feira (29), na C\u00e2mara dos Deputados, a Frente Nacional em Defesa da Soberania Nacional, com a participa\u00e7\u00e3o de parlamentares do campo popular e democr\u00e1tico e representantes de movimentos sociais, de atingidos por barragens, universidades, gestores p\u00fablicos, sindicatos, federa\u00e7\u00f5es e associa\u00e7\u00f5es de categorias, como banc\u00e1rios, trabalhadores do ramo financeiro, petroleiros, eletricit\u00e1rios de Furnas e Eletrobras, urbanit\u00e1rios, professores e advogados.<\/p>\n<p>O presidente da Frente, deputado federal Patrus Ananias (PT-MG), afirmou, em mensagem \u00e0s bases da Confedera\u00e7\u00e3o Nacional dos Trabalhadores do Ramo Financeiro (Contraf-CUT), que o movimento pretende levar para a sociedade o debate sobre a soberania do pa\u00eds. \u201cUm pa\u00eds soberano, como queremos o Brasil, \u00e9 um pa\u00eds que cuida em primeiro lugar de seu povo. Um pa\u00eds continental, bonito, como o Brasil, n\u00e3o pode ter pessoas sem alimenta\u00e7\u00e3o, sem acesso aos direitos b\u00e1sicos, crian\u00e7a fora da escola\u201d, disse.<\/p>\n<p>O parlamentar explicou que a Frente atuar\u00e1 \u201cpor escola de qualidade, pol\u00edticas p\u00fablicas, sa\u00fade e seguran\u00e7a alimentar, que garantam vida e dignidade a nosso povo, para firmar nosso pa\u00eds, como independente, com uma economia a servi\u00e7o do povo brasileiro\u201d.<\/p>\n<p>Em seu discurso no ato de lan\u00e7amento da Frente, Ananias ressaltou que nos lances mais recentes da pol\u00edtica brasileira, \u201cvivenciamos a demoli\u00e7\u00e3o de direitos trabalhistas e sindicais, a desconstru\u00e7\u00e3o do Estado, a entrega do patrim\u00f4nio nacional, a subordina\u00e7\u00e3o aos interesses e demandas do capital\u201d. Por isso, mesmo com o avan\u00e7o da defesa da soberania feita pelo governo Lula, ele acredita que o pa\u00eds tem desafios grandes a enfrentar, como o \u201cpoder incontrolado e pervasivo das grandes empresas de tecnologias do norte global, as chamadas\u00a0<em>big techs<\/em>\u201d.<\/p>\n<p>Para que alcance seus objetivos, Ananias antecipou que a Frente vai levar esse debate para toda a sociedade brasileira, em f\u00f3runs como o pr\u00f3prio Congresso Nacional, assembleias legislativas, c\u00e2maras municipais, escolas e universidades, igrejas, movimentos sociais, entidades representativas de trabalhadores e empres\u00e1rios, al\u00e9m de atuar junto a meios de comunica\u00e7\u00e3o e redes sociais. \u201cVamos mobilizar cora\u00e7\u00f5es e mentes pelo nosso pa\u00eds afora. Vincular o tema da soberania ao projeto nacional, \u00e0 participa\u00e7\u00e3o popular, ao desenvolvimento nacional articulado ao desenvolvimento regional\u201d, completou o deputado.<\/p>\n<p>Para o secret\u00e1rio de Rela\u00e7\u00f5es do Trabalho e respons\u00e1vel da Contraf-CUT pelo acompanhamento das pautas do Congresso Nacional, Jeferson Meira, o Jef\u00e3o, que participou do evento na C\u00e2mara, \u201ca Frente \u00e9 tamb\u00e9m fundamental para as entidades sindicais e os trabalhadores, pois um pa\u00eds de fato soberano e democr\u00e1tico obrigatoriamente tem sindicatos fortes, capazes de defender direitos e conquistas de todas as categorias profissionais, pois esse \u00e9 um elemento decisivo para o equil\u00edbrio e o bem-estar social\u201d.<\/p>\n<p>Jef\u00e3o lembra que os objetivos da Frente, apontados por seu presidente, coincidem com os do movimento sindical progressista. \u201cNos \u00faltimos anos, desde o golpe contra a presidenta Dilma, em 2016, enfrentamos todas as for\u00e7as retr\u00f3gradas que atuaram sistematicamente contra os direitos dos trabalhadores e do povo brasileiro em geral, tanto com a reforma trabalhista como com o desmonte do Estado, que inclu\u00eda a entrega do patrim\u00f4nio p\u00fablico a grandes grupos capitalistas\u201d. O secret\u00e1rio tamb\u00e9m entende que a cria\u00e7\u00e3o do movimento pela soberania nacional \u201cocorre num momento oportuno, em que todas as for\u00e7as progressistas devem se unir, pela soberania, pela democracia plena e pela justi\u00e7a social em nosso pa\u00eds\u201d.<\/p>\n<p><strong>Fonte: Contraf-CUT<\/strong><\/p>\n<\/div>\n<\/div>\n","protected":false},"excerpt":{"rendered":"<p>O deputado Patrus Ananias (PT-MG) discursa no lan\u00e7amento da Frente Nacional em Defesa da Soberania Nacional, que teve presen\u00e7a de representantes de movimentos sociais e entidades sindicais Foto: Vinicius Loures\/C\u00e2mara dos Deputados Foi lan\u00e7ada nesta quarta-feira (29), na C\u00e2mara dos Deputados, a Frente Nacional em Defesa da Soberania Nacional, com a participa\u00e7\u00e3o de parlamentares do [&hellip;]<\/p>\n","protected":false},"author":2,"featured_media":14784,"comment_status":"","ping_status":"","sticky":false,"template":"","format":"standard","meta":{"footnotes":""},"categories":[3],"tags":[],"class_list":["post-14785","post","type-post","status-publish","format-standard","has-post-thumbnail","hentry","category-noticias"],"_links":{"self":[{"href":"https:\/\/hostnetart.com.br\/baixada\/wp-json\/wp\/v2\/posts\/14785","targetHints":{"allow":["GET"]}}],"collection":[{"href":"https:\/\/hostnetart.com.br\/baixada\/wp-json\/wp\/v2\/posts"}],"about":[{"href":"https:\/\/hostnetart.com.br\/baixada\/wp-json\/wp\/v2\/types\/post"}],"author":[{"embeddable":true,"href":"https:\/\/hostnetart.com.br\/baixada\/wp-json\/wp\/v2\/users\/2"}],"replies":[{"embeddable":true,"href":"https:\/\/hostnetart.com.br\/baixada\/wp-json\/wp\/v2\/comments?post=14785"}],"version-history":[{"count":0,"href":"https:\/\/hostnetart.com.br\/baixada\/wp-json\/wp\/v2\/posts\/14785\/revisions"}],"wp:featuredmedia":[{"embeddable":true,"href":"https:\/\/hostnetart.com.br\/baixada\/wp-json\/wp\/v2\/media\/14784"}],"wp:attachment":[{"href":"https:\/\/hostnetart.com.br\/baixada\/wp-json\/wp\/v2\/media?parent=14785"}],"wp:term":[{"taxonomy":"category","embeddable":true,"href":"https:\/\/hostnetart.com.br\/baixada\/wp-json\/wp\/v2\/categories?post=14785"},{"taxonomy":"post_tag","embeddable":true,"href":"https:\/\/hostnetart.com.br\/baixada\/wp-json\/wp\/v2\/tags?post=14785"}],"curies":[{"name":"wp","href":"https:\/\/api.w.org\/{rel}","templated":true}]}}