{"id":14781,"date":"2023-11-29T17:43:07","date_gmt":"2023-11-29T20:43:07","guid":{"rendered":"https:\/\/hostnetart.com.br\/baixada\/baixada-fluminense-parabeniza-o-sindicato-dos-bancarios-de-nova-friburgo-pelos-74-anos-de-lutas\/"},"modified":"2023-11-29T17:43:07","modified_gmt":"2023-11-29T20:43:07","slug":"baixada-fluminense-parabeniza-o-sindicato-dos-bancarios-de-nova-friburgo-pelos-74-anos-de-lutas","status":"publish","type":"post","link":"https:\/\/hostnetart.com.br\/baixada\/baixada-fluminense-parabeniza-o-sindicato-dos-bancarios-de-nova-friburgo-pelos-74-anos-de-lutas\/","title":{"rendered":"Baixada Fluminense parabeniza o Sindicato dos Banc\u00e1rios de Nova Friburgo pelos 74 anos de lutas"},"content":{"rendered":"<p>O Sindicato dos Banc\u00e1rios da Baixada Fluminense parabeniza o\u00a0Sindicato dos Banc\u00e1rios de Nova Friburgo e Regi\u00e3o pelos seus\u00a074 anos de lutas pela categoria banc\u00e1ria, completados nesta quarta-feira, dia\u00a029 de Novembro.<\/p>\n<p>O sindicato representa as banc\u00e1rias e banc\u00e1rios das regi\u00f5es de: Bom Jardim, Cachoeiras de Macacu, Cantagalo, Carmo, Cordeiro, Duas Barras, Macuco, Santa Maria Madalena, S\u00e3o Sebasti\u00e3o do Alto, Sumidouro e Trajano de Moraes.<\/p>\n<p>A entidade foi fundada como Associa\u00e7\u00e3o Profissional dos Empregados em Estabelecimento Banc\u00e1rio de Nova Friburgo e, desde o in\u00edcio de sua funda\u00e7\u00e3o, luta para que as trabalhadoras e trabalhadores banc\u00e1rios n\u00e3o percam direitos hist\u00f3ricos e frutos de muita luta, e que se ampliem as conquistas sociais e econ\u00f4micas.<\/p>\n","protected":false},"excerpt":{"rendered":"<p>O Sindicato dos Banc\u00e1rios da Baixada Fluminense parabeniza o\u00a0Sindicato dos Banc\u00e1rios de Nova Friburgo e Regi\u00e3o pelos seus\u00a074 anos de lutas pela categoria banc\u00e1ria, completados nesta quarta-feira, dia\u00a029 de Novembro. O sindicato representa as banc\u00e1rias e banc\u00e1rios das regi\u00f5es de: Bom Jardim, Cachoeiras de Macacu, Cantagalo, Carmo, Cordeiro, Duas Barras, Macuco, Santa Maria Madalena, S\u00e3o [&hellip;]<\/p>\n","protected":false},"author":2,"featured_media":14780,"comment_status":"","ping_status":"","sticky":false,"template":"","format":"standard","meta":{"footnotes":""},"categories":[3],"tags":[],"class_list":["post-14781","post","type-post","status-publish","format-standard","has-post-thumbnail","hentry","category-noticias"],"_links":{"self":[{"href":"https:\/\/hostnetart.com.br\/baixada\/wp-json\/wp\/v2\/posts\/14781","targetHints":{"allow":["GET"]}}],"collection":[{"href":"https:\/\/hostnetart.com.br\/baixada\/wp-json\/wp\/v2\/posts"}],"about":[{"href":"https:\/\/hostnetart.com.br\/baixada\/wp-json\/wp\/v2\/types\/post"}],"author":[{"embeddable":true,"href":"https:\/\/hostnetart.com.br\/baixada\/wp-json\/wp\/v2\/users\/2"}],"replies":[{"embeddable":true,"href":"https:\/\/hostnetart.com.br\/baixada\/wp-json\/wp\/v2\/comments?post=14781"}],"version-history":[{"count":0,"href":"https:\/\/hostnetart.com.br\/baixada\/wp-json\/wp\/v2\/posts\/14781\/revisions"}],"wp:featuredmedia":[{"embeddable":true,"href":"https:\/\/hostnetart.com.br\/baixada\/wp-json\/wp\/v2\/media\/14780"}],"wp:attachment":[{"href":"https:\/\/hostnetart.com.br\/baixada\/wp-json\/wp\/v2\/media?parent=14781"}],"wp:term":[{"taxonomy":"category","embeddable":true,"href":"https:\/\/hostnetart.com.br\/baixada\/wp-json\/wp\/v2\/categories?post=14781"},{"taxonomy":"post_tag","embeddable":true,"href":"https:\/\/hostnetart.com.br\/baixada\/wp-json\/wp\/v2\/tags?post=14781"}],"curies":[{"name":"wp","href":"https:\/\/api.w.org\/{rel}","templated":true}]}}