{"id":14773,"date":"2023-11-28T16:33:59","date_gmt":"2023-11-28T19:33:59","guid":{"rendered":"https:\/\/hostnetart.com.br\/baixada\/bancarios-debatem-adoecimento-e-condicoes-de-trabalho-com-bancos\/"},"modified":"2023-11-28T16:33:59","modified_gmt":"2023-11-28T19:33:59","slug":"bancarios-debatem-adoecimento-e-condicoes-de-trabalho-com-bancos","status":"publish","type":"post","link":"https:\/\/hostnetart.com.br\/baixada\/bancarios-debatem-adoecimento-e-condicoes-de-trabalho-com-bancos\/","title":{"rendered":"Banc\u00e1rios debatem adoecimento e condi\u00e7\u00f5es de trabalho com bancos"},"content":{"rendered":"<p>O Coletivo de Sa\u00fade da Confedera\u00e7\u00e3o Nacional dos Trabalhadores do Ramo Financeiro (Contraf-CUT) se reuniu com representantes da Federa\u00e7\u00e3o Nacional dos Bancos (Fenaban), para debater temas como o aditivo da cl\u00e1usula 61 da Conven\u00e7\u00e3o Coletiva de Trabalho (CCT) \u2013 que trata da preven\u00e7\u00e3o de conflitos no local de trabalho e dos canais de den\u00fancia, o adoecimento e o \u00edndice de suic\u00eddios na categoria, entre outros temas. O encontro da mesa bipartite ocorreu na \u00faltima sexta-feira (24).<\/p>\n<h3><strong>Cl\u00e1usula 61<\/strong><\/h3>\n<p>Presentes na reuni\u00e3o, BB, Santander, Ita\u00fa, Caixa e Citibank assinaram o aditivo da cl\u00e1usula 61.\u00a0Na ocasi\u00e3o, tamb\u00e9m foi anunciada a assinatura do aditivo pelos bancos Votorantim e Safra, que n\u00e3o estavam presentes. As entidades financeiras se comprometeram a discutir, no pr\u00f3ximo encontro, pontos para aperfei\u00e7oamento da cl\u00e1usula, assim como a avalia\u00e7\u00e3o semestral do n\u00famero de den\u00fancias.<\/p>\n<p>Com rela\u00e7\u00e3o aos canais den\u00fancias, o Coletivo questionou a falta de sigilo e a demora na apura\u00e7\u00e3o dos casos, como tamb\u00e9m voltou a demandar a participa\u00e7\u00e3o dos sindicatos no processo. \u201cCom muita clareza, cobramos a garantia do sigilo aos banc\u00e1rios que denunciarem ass\u00e9dio moral e tamb\u00e9m que a apura\u00e7\u00e3o seja transparente, c\u00e9lere e que tenha o acompanhamento dos sindicatos\u201d, enfatizou o secret\u00e1rio de Sa\u00fade da Contraf-CUT, Mauro Salles.<\/p>\n<h3><strong>Cl\u00e1usulas 29 e 65<\/strong><\/h3>\n<p>Os representantes dos banc\u00e1rios insistiram no cumprimento das cl\u00e1usulas 29 (antecipa\u00e7\u00e3o salarial) e 65 (adiantamento emergencial), sem que seja feito nenhum desconto ao trabalhador antes de ele receber o benef\u00edcio do INSS. Os bancos alegaram que os descontos das antecipa\u00e7\u00f5es ocorrem pela falta de informa\u00e7\u00f5es dos trabalhadores sobre os resultados de per\u00edcias e recursos no INSS.<\/p>\n<p>Mauro Salles informou que os representantes dos banc\u00e1rios contra-argumentaram que a falta de informa\u00e7\u00f5es \u00e9 resultado da aus\u00eancia de um fluxo de acolhimento e orienta\u00e7\u00e3o por parte dos bancos. \u201cO funcion\u00e1rio adoecido fica desamparado, sem saber como proceder junto ao INSS e quais informa\u00e7\u00f5es precisa enviar ao banco\u201d, afirmou. Na \u00faltima reuni\u00e3o com a Fenaban, o Coletivo j\u00e1 havia proposto um fluxo a ser adotado pelos bancos nesse sentido.<\/p>\n<h3><strong>Adoecimento e suic\u00eddios<\/strong><\/h3>\n<p>Os representantes dos banc\u00e1rios refor\u00e7aram a cobran\u00e7a pela apresenta\u00e7\u00e3o dos n\u00fameros de adoecimento da categoria, por meio do relat\u00f3rio do Programa de Controle M\u00e9dico de Sa\u00fade Ocupacional (PCMSO), previsto na NR-7.<\/p>\n<p>No evento, tamb\u00e9m foi definida a realiza\u00e7\u00e3o, pelas entidades representativas dos banc\u00e1rios e Fenaban, de um semin\u00e1rio para abordar o tema do suic\u00eddio e debater estrat\u00e9gias para sua preven\u00e7\u00e3o. Com n\u00fameros relacionados \u00e0 popula\u00e7\u00e3o em geral, os bancos enfatizaram que causas multifatoriais s\u00e3o as principais respons\u00e1veis pelos casos.\u00a0\u201cDe nosso lado, por\u00e9m, apresentamos exemplos de trabalhadores que se suicidaram e se automutilaram em decorr\u00eancia de metas abusivas e de ass\u00e9dio moral, e esse \u00e9 nosso foco\u201d, explicou Mauro.<\/p>\n<h3><strong>Ar-condicionado<\/strong><\/h3>\n<p>Outra demanda apresentada \u00e0 Fenaban foi a falta de manuten\u00e7\u00e3o e renova\u00e7\u00e3o dos aparelhos de ar-condicionado em ag\u00eancias e departamentos. \u201cEsse problema se repete todos os anos e coloca a sa\u00fade de banc\u00e1rios e clientes em risco, sempre que as temperaturas sobem\u201d, observou o secret\u00e1rio. \u201cLembramos que, dada a relev\u00e2ncia da quest\u00e3o, propusemos j\u00e1 na Campanha Nacional de 2022 uma cl\u00e1usula para assegurar a manuten\u00e7\u00e3o e renova\u00e7\u00e3o desses equipamentos, garantindo ambientes ventilados, de forma que a sa\u00fade dos trabalhadores fosse preservada, mas a mesma n\u00e3o foi inclu\u00edda na CCT\u201d, completou Mauro.<\/p>\n<h3><strong>Vacina\u00e7\u00e3o<\/strong><\/h3>\n<p>A entidade patronal informou que a campanha de imuniza\u00e7\u00e3o contra a gripe do ano que vem, com a vacina quadrivalente, ser\u00e1 realizada entre abril e junho.<\/p>\n<h3><strong>Encontro positivo<\/strong><\/h3>\n<p>Mauro Salles avaliou que, \u201cde modo geral, a mesa foi positiva, tanto pela ades\u00e3o de v\u00e1rios bancos \u00e0 cl\u00e1usula 61, como tamb\u00e9m pelo compromisso com solu\u00e7\u00f5es no setor de sa\u00fade do trabalhador de um modo estrutural; e isso inclui a apura\u00e7\u00e3o de casos considerando as den\u00fancias dos funcion\u00e1rios como procedentes\u201d. O dirigente destacou ainda \u201ca relev\u00e2ncia do compromisso para o aprofundamento dos debates sobre as cl\u00e1usulas de sa\u00fade, com vistas ao aprimoramento dos textos para a pr\u00f3xima negocia\u00e7\u00e3o nacional\u201d.<\/p>\n<p>Outro ponto positivo, de acordo com Mauro, foi a aceita\u00e7\u00e3o, pelos bancos, em debater o PCMSO, que \u00e9 decisivo para acesso aos dados sobre o adoecimento da categoria e para o debate de suas causas e formas de preven\u00e7\u00e3o. \u201cTamb\u00e9m \u00e9 preciso que os bancos levem a s\u00e9rio o fluxo de acolhimento e orienta\u00e7\u00e3o do banc\u00e1rio adoecido, pois \u00e9 inadmiss\u00edvel que, no momento em que adoece, quando mais precisa, o trabalhador n\u00e3o seja orientado, de forma objetiva e correta, por pessoas preparadas para tal\u201d, conclui o secret\u00e1rio.<\/p>\n<h3><strong>Pr\u00f3ximas reuni\u00f5es<\/strong><\/h3>\n<p>A mesa bipartite agendou novas reuni\u00f5es para a segunda quinzena de janeiro e segunda semana de fevereiro. Os temas em pauta ser\u00e3o cl\u00e1usula 61 (preven\u00e7\u00e3o de conflitos), emiss\u00e3o de CAT (Comunica\u00e7\u00e3o de Acidente de Trabalho), PCMSO e sa\u00fade mental.<\/p>\n<p><strong>Fonte: Contraf-CUT<\/strong><\/p>\n","protected":false},"excerpt":{"rendered":"<p>O Coletivo de Sa\u00fade da Confedera\u00e7\u00e3o Nacional dos Trabalhadores do Ramo Financeiro (Contraf-CUT) se reuniu com representantes da Federa\u00e7\u00e3o Nacional dos Bancos (Fenaban), para debater temas como o aditivo da cl\u00e1usula 61 da Conven\u00e7\u00e3o Coletiva de Trabalho (CCT) \u2013 que trata da preven\u00e7\u00e3o de conflitos no local de trabalho e dos canais de den\u00fancia, o [&hellip;]<\/p>\n","protected":false},"author":2,"featured_media":14772,"comment_status":"","ping_status":"","sticky":false,"template":"","format":"standard","meta":{"footnotes":""},"categories":[3],"tags":[],"class_list":["post-14773","post","type-post","status-publish","format-standard","has-post-thumbnail","hentry","category-noticias"],"_links":{"self":[{"href":"https:\/\/hostnetart.com.br\/baixada\/wp-json\/wp\/v2\/posts\/14773","targetHints":{"allow":["GET"]}}],"collection":[{"href":"https:\/\/hostnetart.com.br\/baixada\/wp-json\/wp\/v2\/posts"}],"about":[{"href":"https:\/\/hostnetart.com.br\/baixada\/wp-json\/wp\/v2\/types\/post"}],"author":[{"embeddable":true,"href":"https:\/\/hostnetart.com.br\/baixada\/wp-json\/wp\/v2\/users\/2"}],"replies":[{"embeddable":true,"href":"https:\/\/hostnetart.com.br\/baixada\/wp-json\/wp\/v2\/comments?post=14773"}],"version-history":[{"count":0,"href":"https:\/\/hostnetart.com.br\/baixada\/wp-json\/wp\/v2\/posts\/14773\/revisions"}],"wp:featuredmedia":[{"embeddable":true,"href":"https:\/\/hostnetart.com.br\/baixada\/wp-json\/wp\/v2\/media\/14772"}],"wp:attachment":[{"href":"https:\/\/hostnetart.com.br\/baixada\/wp-json\/wp\/v2\/media?parent=14773"}],"wp:term":[{"taxonomy":"category","embeddable":true,"href":"https:\/\/hostnetart.com.br\/baixada\/wp-json\/wp\/v2\/categories?post=14773"},{"taxonomy":"post_tag","embeddable":true,"href":"https:\/\/hostnetart.com.br\/baixada\/wp-json\/wp\/v2\/tags?post=14773"}],"curies":[{"name":"wp","href":"https:\/\/api.w.org\/{rel}","templated":true}]}}