{"id":14771,"date":"2023-11-28T15:37:26","date_gmt":"2023-11-28T18:37:26","guid":{"rendered":"https:\/\/hostnetart.com.br\/baixada\/sindicato-percorre-agencias-de-caxias-para-protestar-contra-demissoes-no-itau\/"},"modified":"2023-11-28T15:37:26","modified_gmt":"2023-11-28T18:37:26","slug":"sindicato-percorre-agencias-de-caxias-para-protestar-contra-demissoes-no-itau","status":"publish","type":"post","link":"https:\/\/hostnetart.com.br\/baixada\/sindicato-percorre-agencias-de-caxias-para-protestar-contra-demissoes-no-itau\/","title":{"rendered":"Sindicato percorre ag\u00eancias de Caxias para protestar contra demiss\u00f5es no Ita\u00fa"},"content":{"rendered":"<p>Nesta ter\u00e7a-feira, 28 de novembro, o Sindicato dos Banc\u00e1rios da Baixada Fluminense esteve em ag\u00eancias do Banco Ita\u00fa de Duque de Caxias para protestar contra as demiss\u00f5es e o fechamento de postos de trabalho.<\/p>\n<p>Foi mais um <strong>Dia de Luta do Banco Ita\u00fa<\/strong>, promovido pela\u00a0Federa\u00e7\u00e3o dos Trabalhadores do Ramo Financeiro dos Estados do Rio de Janeiro e Esp\u00edrito Santo (Fetraf RJ\/ES), com atos ocorrendo nas regi\u00f5es dos sindicatos filiados \u00e0 entidade.<\/p>\n<p>Uma das principais preocupa\u00e7\u00f5es das diretoras e diretores do Sindicato \u00e9 que o fechamento de ag\u00eancias, e as consequentes demiss\u00f5es, afetam os funcion\u00e1rios do banco. E, tamb\u00e9m, afetam os clientes, j\u00e1 que, com menos trabalhadores banc\u00e1rios, mais filas.\u00a0<\/p>\n<p>O Sindicato enfatizou a import\u00e2ncia de preservar os postos de trabalho e garantir a estabilidade dos profissionais. Foram entregues informativos que mostram n\u00fameros e dados alarmantes do que vem ocorrendo no setor banc\u00e1rio.<\/p>\n<p>Al\u00e9m disso, os dirigentes sindicais conversaram com os funcion\u00e1rios e clientes presentes nas ag\u00eancias visitadas, se colocando \u00e0 disposi\u00e7\u00e3o dos trabalhadores banc\u00e1rios.<\/p>\n<p><strong>Ao menor sinal de ass\u00e9dio ou abuso, denuncie!<\/strong><\/p>\n<p>Os casos de ass\u00e9dio moral tamb\u00e9m motivaram as manifesta\u00e7\u00f5es realizadas nas ag\u00eancias da regi\u00e3o.<\/p>\n<p><strong>LUCROS EXORBITANTES<\/strong><\/p>\n<p>O Ita\u00fa Unibanco obteve lucro l\u00edquido recorrente gerencial \u2013 que exclui efeitos extraordin\u00e1rios \u2013 de R$ 26,217 bilh\u00f5es nos nove primeiros meses de 2023, montante 13,4% maior em rela\u00e7\u00e3o ao mesmo per\u00edodo de 2022. Apenas no terceiro trimestre, o resultado foi de R$ 9,04 bilh\u00f5es, um crescimento de 3,4%, frente aos R$ 8,74 bilh\u00f5es registrados nos tr\u00eas meses imediatamente anteriores.<\/p>\n<p>Mesmo com esses resultados, o banco fechou 1.082 postos de trabalho em 12 meses. No trimestre, foram 881 vagas extintas. O grupo fechou 180 ag\u00eancias f\u00edsicas no Brasil em 12 meses e 31 em tr\u00eas meses. Nesse m\u00eas, o Ita\u00fa tinha 2.608 unidades no pa\u00eds.<\/p>\n<p><span style=\"text-decoration: underline;\">QUEM LUCRA, N\u00c3O DEMITE!<\/span><\/p>\n<p><em>*confira mais fotos em nossas redes sociais<\/em><\/p>\n","protected":false},"excerpt":{"rendered":"<p>Nesta ter\u00e7a-feira, 28 de novembro, o Sindicato dos Banc\u00e1rios da Baixada Fluminense esteve em ag\u00eancias do Banco Ita\u00fa de Duque de Caxias para protestar contra as demiss\u00f5es e o fechamento de postos de trabalho. Foi mais um Dia de Luta do Banco Ita\u00fa, promovido pela\u00a0Federa\u00e7\u00e3o dos Trabalhadores do Ramo Financeiro dos Estados do Rio de [&hellip;]<\/p>\n","protected":false},"author":2,"featured_media":14770,"comment_status":"","ping_status":"","sticky":false,"template":"","format":"standard","meta":{"footnotes":""},"categories":[3],"tags":[],"class_list":["post-14771","post","type-post","status-publish","format-standard","has-post-thumbnail","hentry","category-noticias"],"_links":{"self":[{"href":"https:\/\/hostnetart.com.br\/baixada\/wp-json\/wp\/v2\/posts\/14771","targetHints":{"allow":["GET"]}}],"collection":[{"href":"https:\/\/hostnetart.com.br\/baixada\/wp-json\/wp\/v2\/posts"}],"about":[{"href":"https:\/\/hostnetart.com.br\/baixada\/wp-json\/wp\/v2\/types\/post"}],"author":[{"embeddable":true,"href":"https:\/\/hostnetart.com.br\/baixada\/wp-json\/wp\/v2\/users\/2"}],"replies":[{"embeddable":true,"href":"https:\/\/hostnetart.com.br\/baixada\/wp-json\/wp\/v2\/comments?post=14771"}],"version-history":[{"count":0,"href":"https:\/\/hostnetart.com.br\/baixada\/wp-json\/wp\/v2\/posts\/14771\/revisions"}],"wp:featuredmedia":[{"embeddable":true,"href":"https:\/\/hostnetart.com.br\/baixada\/wp-json\/wp\/v2\/media\/14770"}],"wp:attachment":[{"href":"https:\/\/hostnetart.com.br\/baixada\/wp-json\/wp\/v2\/media?parent=14771"}],"wp:term":[{"taxonomy":"category","embeddable":true,"href":"https:\/\/hostnetart.com.br\/baixada\/wp-json\/wp\/v2\/categories?post=14771"},{"taxonomy":"post_tag","embeddable":true,"href":"https:\/\/hostnetart.com.br\/baixada\/wp-json\/wp\/v2\/tags?post=14771"}],"curies":[{"name":"wp","href":"https:\/\/api.w.org\/{rel}","templated":true}]}}