{"id":1477,"date":"2013-09-11T00:00:00","date_gmt":"2013-09-11T03:00:00","guid":{"rendered":"https:\/\/hostnetart.com.br\/baixada\/assembleias-dos-bancarios-nesta-quinta-votam-greve-a-partir-do-dia-19\/"},"modified":"2013-09-11T00:00:00","modified_gmt":"2013-09-11T03:00:00","slug":"assembleias-dos-bancarios-nesta-quinta-votam-greve-a-partir-do-dia-19","status":"publish","type":"post","link":"https:\/\/hostnetart.com.br\/baixada\/assembleias-dos-bancarios-nesta-quinta-votam-greve-a-partir-do-dia-19\/","title":{"rendered":"Assembleias dos banc\u00e1rios nesta quinta votam greve a partir do dia 19"},"content":{"rendered":"<p>Os banc\u00e1rios de todo o pa\u00eds realizam assembleias nesta quinta-feira 12 para avaliar a proposta do Comando Nacional, coordenado pela Contraf-CUT, de rejeitar a proposta de 6,1% de reajuste apresentada pela Fenaban no dia 5 e aprovar a deflagra\u00e7\u00e3o de greve a partir do dia 19. Al\u00e9m da Contraf-CUT, o Comando Nacional representa 10 federa\u00e7\u00f5es e 143 sindicatos das bases onde trabalham cerca de 95% dos 490 mil banc\u00e1rios do pa\u00eds.<\/p>\n<p>\u00a0<\/p>\n<p>Al\u00e9m de negar aumento real nos sal\u00e1rios, pisos, PLR e todas as verbas salariais (os 6,1% apenas recomp\u00f5em a infla\u00e7\u00e3o do per\u00edodo medida pelo INPC), a proposta da Fenaban ignora todas as reivindica\u00e7\u00f5es dos banc\u00e1rios sobre emprego, sa\u00fade e condi\u00e7\u00f5es de trabalho, seguran\u00e7a e igualdade de oportunidades.<\/p>\n<p>\u00a0<\/p>\n<p><a href=\"http:\/\/www.contrafcut.org.br\/noticias.asp?CodNoticia=35650\" target=\"_blank\" rel=\"noopener noreferrer\">Veja aqui<\/a>\u00a0a proposta da Fenaban e o posicionamento do Comando.<\/p>\n<p>\u00a0<\/p>\n<p>\u201cSomente os seis maiores bancos tiveram lucro l\u00edquido de R$ 29,6 bilh\u00f5es no primeiro semestre, alcan\u00e7ando a maior rentabilidade do sistema financeiro internacional, gra\u00e7as principalmente ao aumento da produtividade dos banc\u00e1rios. Por isso consideramos a proposta, que n\u00e3o tem aumento real e desconsidera as demais reivindica\u00e7\u00f5es, como uma provoca\u00e7\u00e3o dos bancos\u201d, afirma Carlos Cordeiro, presidente da Contraf-CUT e coordenador do Comando Nacional.<\/p>\n<p>\u00a0<\/p>\n<p>\u201cApesar dos lucros, os bancos est\u00e3o fechando postos de trabalho e piorando as condi\u00e7\u00f5es de trabalho, com aumento das metas abusivas e do ass\u00e9dio moral, o que tem provocado uma verdadeira epidemia de adoecimentos na categoria. Por falta de investimento em seguran\u00e7a, tamb\u00e9m cresce o n\u00famero de assaltos, sequestros e mortes. Mas os banqueiros se recusam a discutir esses problemas\u201d, acrescenta Cordeiro.<\/p>\n<p>\u00a0<\/p>\n<p>\u201cCom essa proposta, os bancos est\u00e3o empurrando os banc\u00e1rios para a greve. Se \u00e9 o que eles querem, \u00e9 o que ter\u00e3o. Sabemos que somente uma forte mobiliza\u00e7\u00e3o da categoria em todo o pa\u00eds far\u00e1 os bancos melhorarem a proposta. Por isso est\u00e1 o Comando orientando os banc\u00e1rios a rejeitarem a proposta da Fenaban e aprovarem a greve a partir do dia 19\u2033, conclui o presidente da Contraf-CUT.<\/p>\n<p>\u00a0<\/p>\n<p><strong>Calend\u00e1rio de luta<\/strong><\/p>\n<p>\u00a0<\/p>\n<p>\u00a0<\/p>\n<p><strong>12 de setembro<\/strong>\u00a0&#8211; Assembleias em todo o pa\u00eds para rejeitar a proposta e decretar greve por tempo indeterminado a partir do dia 19.<\/p>\n<p><strong>17 e 18<\/strong>\u00a0&#8211; Todos a Bras\u00edlia para pressionar os deputados federais durante a audi\u00eancia p\u00fablica sobre o PL 4330 no plen\u00e1rio da C\u00e2mara.<\/p>\n<p><strong>18<\/strong>\u00a0&#8211; Assembleia organizativa para encaminhar a greve.<\/p>\n<p><strong>19\u00a0<\/strong>&#8211; Deflagra\u00e7\u00e3o da greve nacional dos banc\u00e1rios por tempo indeterminado.<\/p>\n<p>\u00a0<\/p>\n<p>\u00a0<\/p>\n<p><strong>A proposta da Fenaban<\/strong><\/p>\n<p>\u00a0<\/p>\n<p>\u00a0<\/p>\n<p><strong>Reajuste<\/strong>\u00a0&#8211; 6,1% (infla\u00e7\u00e3o do per\u00edodo pelo INPC) sobre sal\u00e1rios, pisos e todas as verbas salariais (aux\u00edlio-refei\u00e7\u00e3o, cesta-alimenta\u00e7\u00e3o, aux\u00edlio-creche\/bab\u00e1 etc.)<\/p>\n<p><strong>PLR<\/strong>\u00a0&#8211; 90% do sal\u00e1rio mais valor fixo de R$ 1.633,94, limitado a R$ 8.927,61 (o que significa reajuste de 6,1% sobre os valores da PLR do ano passado).<\/p>\n<p><strong>Parcela adicional da PLR<\/strong>\u00a0&#8211; 2% do lucro l\u00edquido dividido linearmente a todos os banc\u00e1rios, limitado a R$ 3.267,88.<\/p>\n<p><strong>Adiantamento emergencial<\/strong>\u00a0&#8211; N\u00e3o devolu\u00e7\u00e3o do adiantamento emergencial de sal\u00e1rio para os afastados que recebem alta do INSS e s\u00e3o considerados inaptos pelo m\u00e9dico do trabalho em caso de recurso administrativo n\u00e3o aceito pelo INSS.<\/p>\n<p><strong>Preven\u00e7\u00e3o de conflitos no ambiente de trabalho<\/strong>\u00a0&#8211; Redu\u00e7\u00e3o do prazo de 60 para 45 dias para resposta dos bancos \u00e0s den\u00fancias encaminhadas pelos sindicatos, al\u00e9m de reuni\u00e3o espec\u00edfica com a Fenaban para discutir aprimoramento do programa.<\/p>\n<p><strong>Adoecimento de banc\u00e1rios<\/strong>\u00a0&#8211; Constitui\u00e7\u00e3o de grupo de trabalho, com n\u00edvel pol\u00edtico e t\u00e9cnico, para analisar as causas dos afastamentos.<\/p>\n<p><strong>Inova\u00e7\u00f5es tecnol\u00f3gicas<\/strong>\u00a0&#8211; Realiza\u00e7\u00e3o, em data a ser definida, de um Semin\u00e1rio sobre Tend\u00eancias da Tecnologia no Cen\u00e1rio Banc\u00e1rio Mundial.<\/p>\n<p>\u00a0<\/p>\n<p><strong>As reivindica\u00e7\u00f5es dos banc\u00e1rios<\/strong><\/p>\n<p>\u00a0<\/p>\n<p>&gt;\u00a0<strong>Reajuste salarial de 11,93%<\/strong>\u00a0(5% de aumento real al\u00e9m da infla\u00e7\u00e3o)<\/p>\n<p>&gt;\u00a0<strong>PLR<\/strong>: tr\u00eas sal\u00e1rios mais R$ 5.553,15.<\/p>\n<p>&gt;\u00a0<strong>Piso<\/strong>: R$ 2.860,21 (sal\u00e1rio m\u00ednimo do Dieese).<\/p>\n<p>&gt;\u00a0<strong>Aux\u00edlios<\/strong>\u00a0alimenta\u00e7\u00e3o, refei\u00e7\u00e3o, 13\u00aa cesta e aux\u00edlio-creche\/bab\u00e1: R$ 678 ao m\u00eas para cada (sal\u00e1rio m\u00ednimo nacional).<\/p>\n<p>&gt;\u00a0<strong>Melhores condi\u00e7\u00f5es de trabalho<\/strong>, com o fim das metas abusivas e do ass\u00e9dio moral que adoece os banc\u00e1rios.<\/p>\n<p>&gt;\u00a0<strong>Emprego<\/strong>: fim das demiss\u00f5es, mais contrata\u00e7\u00f5es, aumento da inclus\u00e3o banc\u00e1ria, combate \u00e0s terceiriza\u00e7\u00f5es, especialmente ao PL 4330 que precariza as condi\u00e7\u00f5es de trabalho, al\u00e9m da aplica\u00e7\u00e3o da Conven\u00e7\u00e3o 158 da OIT, que pro\u00edbe as dispensas imotivadas.<\/p>\n<p>&gt;\u00a0<strong>Plano de Cargos, Carreiras e Sal\u00e1rios (PCCS)<\/strong>\u00a0para todos os banc\u00e1rios.<\/p>\n<p>&gt;\u00a0<strong>Aux\u00edlio-educa\u00e7\u00e3o<\/strong>: pagamento para gradua\u00e7\u00e3o e p\u00f3s-gradua\u00e7\u00e3o.<\/p>\n<p>&gt;\u00a0<strong>Preven\u00e7\u00e3o contra assaltos e sequestros<\/strong>, com o fim da guarda das chaves de cofres e ag\u00eancias por banc\u00e1rios.<\/p>\n<p>&gt;\u00a0<strong>Igualdade de oportunidades<\/strong>\u00a0para banc\u00e1rios e banc\u00e1rias, com a contrata\u00e7\u00e3o de pelo menos 20% de negros e negras.<\/p>\n<p>\u00a0<br \/>Fonte: Contraf-CUT<\/p>\n","protected":false},"excerpt":{"rendered":"<p>Os banc\u00e1rios de todo o pa\u00eds realizam assembleias nesta quinta-feira 12 para avaliar a proposta do Comando Nacional, coordenado pela Contraf-CUT, de rejeitar a proposta de 6,1% de reajuste apresentada pela Fenaban no dia 5 e aprovar a deflagra\u00e7\u00e3o de greve a partir do dia 19. Al\u00e9m da Contraf-CUT, o Comando Nacional representa 10 federa\u00e7\u00f5es [&hellip;]<\/p>\n","protected":false},"author":1,"featured_media":0,"comment_status":"","ping_status":"","sticky":false,"template":"","format":"standard","meta":{"footnotes":""},"categories":[3],"tags":[],"class_list":["post-1477","post","type-post","status-publish","format-standard","hentry","category-noticias"],"_links":{"self":[{"href":"https:\/\/hostnetart.com.br\/baixada\/wp-json\/wp\/v2\/posts\/1477","targetHints":{"allow":["GET"]}}],"collection":[{"href":"https:\/\/hostnetart.com.br\/baixada\/wp-json\/wp\/v2\/posts"}],"about":[{"href":"https:\/\/hostnetart.com.br\/baixada\/wp-json\/wp\/v2\/types\/post"}],"author":[{"embeddable":true,"href":"https:\/\/hostnetart.com.br\/baixada\/wp-json\/wp\/v2\/users\/1"}],"replies":[{"embeddable":true,"href":"https:\/\/hostnetart.com.br\/baixada\/wp-json\/wp\/v2\/comments?post=1477"}],"version-history":[{"count":0,"href":"https:\/\/hostnetart.com.br\/baixada\/wp-json\/wp\/v2\/posts\/1477\/revisions"}],"wp:attachment":[{"href":"https:\/\/hostnetart.com.br\/baixada\/wp-json\/wp\/v2\/media?parent=1477"}],"wp:term":[{"taxonomy":"category","embeddable":true,"href":"https:\/\/hostnetart.com.br\/baixada\/wp-json\/wp\/v2\/categories?post=1477"},{"taxonomy":"post_tag","embeddable":true,"href":"https:\/\/hostnetart.com.br\/baixada\/wp-json\/wp\/v2\/tags?post=1477"}],"curies":[{"name":"wp","href":"https:\/\/api.w.org\/{rel}","templated":true}]}}