{"id":14769,"date":"2023-11-27T13:44:56","date_gmt":"2023-11-27T16:44:56","guid":{"rendered":"https:\/\/hostnetart.com.br\/baixada\/saude-caixa-entenda-a-proposta\/"},"modified":"2023-11-27T13:44:56","modified_gmt":"2023-11-27T16:44:56","slug":"saude-caixa-entenda-a-proposta","status":"publish","type":"post","link":"https:\/\/hostnetart.com.br\/baixada\/saude-caixa-entenda-a-proposta\/","title":{"rendered":"Sa\u00fade Caixa: entenda a proposta"},"content":{"rendered":"<p>Ap\u00f3s quase seis meses de negocia\u00e7\u00f5es, a representa\u00e7\u00e3o dos trabalhadores conseguiu que a Caixa Econ\u00f4mica Federal aceitasse uma proposta para renova\u00e7\u00e3o do Acordo Coletivo de Trabalho espec\u00edfico do Sa\u00fade Caixa que mant\u00e9m o percentual de contribui\u00e7\u00e3o dos titulares do plano em 3,5% sobre a remunera\u00e7\u00e3o b\u00e1sica e, para aqueles que t\u00eam dependentes, fixa um limite para o comprometimento da renda dos trabalhadores em at\u00e9, no m\u00e1ximo, 7% por grupo familiar.<\/p>\n<h3><strong>Resultado das negocia\u00e7\u00f5es<\/strong><\/h3>\n<ul>\n<li>Cobramos que a Caixa assuma integralmente a despesa de pessoal desde 2021 e use as reservas t\u00e9cnicas para zerar o d\u00e9ficit sem a necessidade de contribui\u00e7\u00f5es adicionais;<\/li>\n<li>Para melhorar o atendimento ao usu\u00e1rio, cobramos que a Caixa recrie as estruturas regionais de Gest\u00e3o de Pessoas e os Comit\u00eas Regionais de Credenciamento e Descredenciamento;<\/li>\n<li>No caso do cancelamento da ades\u00e3o do plano, o retorno s\u00f3 ser\u00e1 permitido ap\u00f3s dois anos de aus\u00eancia, no m\u00ednimo, mediante quita\u00e7\u00e3o de eventuais d\u00e9bitos e cumprimento das car\u00eancias previstas;<\/li>\n<li>As regras da coparticipa\u00e7\u00e3o continuam inalteradas: 30% sobre os procedimentos (excluindo interna\u00e7\u00f5es e oncologia) e valor fixo de R$ 75,00 no pronto-socorro\/pronto atendimento, com limite anual de R$ 3.600,00 por grupo familiar.<\/li>\n<\/ul>\n<h3><strong>Entraves\u2026<\/strong><\/h3>\n<p>A Caixa fincou p\u00e9 no teto para seu custeio com as despesas de sa\u00fade das empregadas e empregados, fixado em 6,5% da folha de pagamentos e proventos do INSS, incluindo despesas administrativas e tribut\u00e1rias. Essa medida impede a manuten\u00e7\u00e3o do modelo de custeio 70\/30, uma vez que, para arcar com 70% dos custos do plano, a Caixa teria que ultrapassar o teto de 6,5%. Isso gerou d\u00e9ficits de R$ 422 milh\u00f5es em 2023 e, para 2024, as proje\u00e7\u00f5es apontam mais um d\u00e9ficit de R$ 622 milh\u00f5es.<\/p>\n<div class=\"wp-block-image\">\n<figure class=\"aligncenter size-large\"><img fetchpriority=\"high\" decoding=\"async\" class=\"wp-image-307510\" src=\"https:\/\/contrafcut.com.br\/wp-content\/uploads\/2023\/11\/image-1.png\" sizes=\"(max-width: 505px) 100vw, 505px\" srcset=\"https:\/\/contrafcut.com.br\/wp-content\/uploads\/2023\/11\/image-1.png 505w, https:\/\/contrafcut.com.br\/wp-content\/uploads\/2023\/11\/image-1-329x230.png 329w\" alt=\"\" width=\"505\" height=\"353\" data-cfsrc=\"https:\/\/contrafcut.com.br\/wp-content\/uploads\/2023\/11\/image-1.png\" \/><\/figure>\n<\/div>\n<p>Para cobrir esse saldo negativo, como o final da vig\u00eancia do atual acordo e caso a proposta em debate n\u00e3o seja aprovada, a perspectiva \u00e9 de aumento linear de 85% nos valores das mensalidades e o pagamento pelos usu\u00e1rios de mais 4,18 parcelas extraordin\u00e1rias.<\/p>\n<h3><strong>\u2026e solu\u00e7\u00f5es<\/strong><\/h3>\n<div class=\"wp-block-image\">\n<figure class=\"alignright size-large\"><img decoding=\"async\" class=\"wp-image-307509\" src=\"https:\/\/contrafcut.com.br\/wp-content\/uploads\/2023\/11\/image.png\" sizes=\"(max-width: 243px) 100vw, 243px\" srcset=\"https:\/\/contrafcut.com.br\/wp-content\/uploads\/2023\/11\/image.png 243w, https:\/\/contrafcut.com.br\/wp-content\/uploads\/2023\/11\/image-100x230.png 100w\" alt=\"\" width=\"243\" height=\"559\" data-cfsrc=\"https:\/\/contrafcut.com.br\/wp-content\/uploads\/2023\/11\/image.png\" \/><\/figure>\n<\/div>\n<p>Diante dos saldos deficit\u00e1rios e do teto de 6,5% para o custeio da Caixa com a sa\u00fade dos empregados, a solu\u00e7\u00e3o negociada foi manter a mensalidade do titular em 3,5% da remunera\u00e7\u00e3o b\u00e1sica (RB) e cobrar um valor extra dos dependentes, limitado a 7% da RB. Os dependentes indiretos, inclusive os filhos de 21 a 24 anos, continuam fora do limite estabelecido para o grupo familiar e pagam o valor fixo na \u00edntegra (R$ 480,00).<\/p>\n<p>Por exemplo, um caixa, que recebe R$ 6.710,00, com dois dependentes diretos vai pagar 3,5% da RB pelo titular (R$ 234,85, valor que j\u00e1 paga), mais R$ 117,43 por dependente (a soma de 234,85 + 2\u00d7117,43 d\u00e1 7% da RB). Para calcular o valor em outras situa\u00e7\u00f5es, <a href=\"https:\/\/contrafcut.com.br\/wp-content\/uploads\/2023\/11\/simuladorscv2.xlsx\">clique aqui<\/a> e use o simulador.<\/p>\n<p>A alternativa levou em conta que os titulares respondem por 88% das receitas do plano e por apenas 59% das despesas, enquanto os dependentes utilizam 41% e contribuem com apenas 12% para as receitas totais.<\/p>\n<p>Caso haja altera\u00e7\u00e3o no item que limita a participa\u00e7\u00e3o do banco no custeio do Sa\u00fade Caixa, ser\u00e1 estabelecido um novo processo negocial para redefinir os par\u00e2metros de custeio do plano.<\/p>\n<p><b>Fonte: Contraf-CUT<\/b><\/p>\n","protected":false},"excerpt":{"rendered":"<p>Ap\u00f3s quase seis meses de negocia\u00e7\u00f5es, a representa\u00e7\u00e3o dos trabalhadores conseguiu que a Caixa Econ\u00f4mica Federal aceitasse uma proposta para renova\u00e7\u00e3o do Acordo Coletivo de Trabalho espec\u00edfico do Sa\u00fade Caixa que mant\u00e9m o percentual de contribui\u00e7\u00e3o dos titulares do plano em 3,5% sobre a remunera\u00e7\u00e3o b\u00e1sica e, para aqueles que t\u00eam dependentes, fixa um limite [&hellip;]<\/p>\n","protected":false},"author":2,"featured_media":14768,"comment_status":"","ping_status":"","sticky":false,"template":"","format":"standard","meta":{"footnotes":""},"categories":[3],"tags":[],"class_list":["post-14769","post","type-post","status-publish","format-standard","has-post-thumbnail","hentry","category-noticias"],"_links":{"self":[{"href":"https:\/\/hostnetart.com.br\/baixada\/wp-json\/wp\/v2\/posts\/14769","targetHints":{"allow":["GET"]}}],"collection":[{"href":"https:\/\/hostnetart.com.br\/baixada\/wp-json\/wp\/v2\/posts"}],"about":[{"href":"https:\/\/hostnetart.com.br\/baixada\/wp-json\/wp\/v2\/types\/post"}],"author":[{"embeddable":true,"href":"https:\/\/hostnetart.com.br\/baixada\/wp-json\/wp\/v2\/users\/2"}],"replies":[{"embeddable":true,"href":"https:\/\/hostnetart.com.br\/baixada\/wp-json\/wp\/v2\/comments?post=14769"}],"version-history":[{"count":0,"href":"https:\/\/hostnetart.com.br\/baixada\/wp-json\/wp\/v2\/posts\/14769\/revisions"}],"wp:featuredmedia":[{"embeddable":true,"href":"https:\/\/hostnetart.com.br\/baixada\/wp-json\/wp\/v2\/media\/14768"}],"wp:attachment":[{"href":"https:\/\/hostnetart.com.br\/baixada\/wp-json\/wp\/v2\/media?parent=14769"}],"wp:term":[{"taxonomy":"category","embeddable":true,"href":"https:\/\/hostnetart.com.br\/baixada\/wp-json\/wp\/v2\/categories?post=14769"},{"taxonomy":"post_tag","embeddable":true,"href":"https:\/\/hostnetart.com.br\/baixada\/wp-json\/wp\/v2\/tags?post=14769"}],"curies":[{"name":"wp","href":"https:\/\/api.w.org\/{rel}","templated":true}]}}