{"id":14767,"date":"2023-11-24T15:33:32","date_gmt":"2023-11-24T18:33:32","guid":{"rendered":"https:\/\/hostnetart.com.br\/baixada\/santander-exalta-diversidade-racial-mas-dados-mostram-o-contrario\/"},"modified":"2023-11-24T15:33:32","modified_gmt":"2023-11-24T18:33:32","slug":"santander-exalta-diversidade-racial-mas-dados-mostram-o-contrario","status":"publish","type":"post","link":"https:\/\/hostnetart.com.br\/baixada\/santander-exalta-diversidade-racial-mas-dados-mostram-o-contrario\/","title":{"rendered":"Santander exalta diversidade racial, mas dados mostram o contr\u00e1rio"},"content":{"rendered":"<p>Por ocasi\u00e3o do Dia da Consci\u00eancia Negra, dia 20 de novembro, o Santander divulgou um comunicado interno, via e-mail, no qual enumera a\u00e7\u00f5es afirmativas que \u201cfortalecem nossa vis\u00e3o de diversidade para as pessoas pretas e pardas\u201d.<\/p>\n<p>O texto \u00e9 assinado por Ede Ilson Viani. Branco, Viani \u00e9 \u201csponsor\u201d (promovedor) do tema diversidade racial no Santander, de acordo com o comunicado. Segundo o site do Santander, ele \u00e9 vice-presidente executivo, respons\u00e1vel por Tecnologia &amp; Opera\u00e7\u00f5es e membro do Conselho de Administra\u00e7\u00e3o do banco espanhol.<\/p>\n<p>Um dos poucos dados citados no comunicado afirma que 35,4% dos profissionais do Santander s\u00e3o negros (pretos e pardos), uma evolu\u00e7\u00e3o de seis pontos percentuais \u2013 o texto n\u00e3o informa em que per\u00edodo.<\/p>\n<p>A diretora executiva do Sindicato dos Banc\u00e1rios de S\u00e3o Paulo, Osasco e Regi\u00e3o e banc\u00e1ria do Santander, Ana Marta Lima, questiona: \u201cMas onde est\u00e3o esses negros? Que cargos eles ocupam no banco? S\u00e3o fun\u00e7\u00f5es de lideran\u00e7a?\u201d Ana Marta responde: \u201cN\u00e3o sabemos, pois o Santander n\u00e3o divulga esses dados. Por isso cobramos do Santander que retome as mesas de negocia\u00e7\u00e3o espec\u00edficas sobre diversidade para discutirmos quest\u00f5es como essas e, principalmente, maior possibilidade de ascens\u00e3o nas carreiras de negros e negras, que ocupam principalmente cargos na base da hierarquia dos bancos, mas raramente fun\u00e7\u00f5es de lideran\u00e7a\u201d.<\/p>\n<h3><strong>Pouca diversidade<\/strong><\/h3>\n<p>No Santander, pessoas brancas comp\u00f5em 100% do conselho de administra\u00e7\u00e3o e 96% da diretoria. Apenas 2% dos diretores s\u00e3o pardos. Os outros 2% s\u00e3o amarelos ou ind\u00edgenas. N\u00e3o h\u00e1 nenhum preto nem no conselho de administra\u00e7\u00e3o e nem na diretoria. Os dados s\u00e3o do Formul\u00e1rio de Refer\u00eancia 2023, referente ao exerc\u00edcio de 2022. Ainda de acordo com o mesmo Formul\u00e1rio, os brancos comp\u00f5em\u00a085,7% dos 1.291 cargos de lideran\u00e7a, os pretos 1,7% e os pardos 7,3%.<\/p>\n<p>Dados divulgados durante o\u00a0VIII F\u00f3rum Nacional pela Visibilidade Negra no Sistema Financeiro, realizado no in\u00edcio de novembro em Porto Alegre, de um total de aproximadamente 450 mil trabalhadores e trabalhadoras banc\u00e1rios, os negros ocupavam apenas 110 mil vagas. Em 2021, pretos e pardos representavam 20,3% da totalidade das ocupa\u00e7\u00f5es relacionadas aos cargos de lideran\u00e7a na categoria banc\u00e1ria, enquanto os brancos representavam 75,5% destes cargos.<\/p>\n<p>A situa\u00e7\u00e3o dos jovens negros no sistema financeiro tamb\u00e9m preocupa. A juventude com at\u00e9 29 anos, representava apenas 17,8% dos banc\u00e1rios. Desse grupo, apenas 31,6% eram negros, e em maior n\u00famero entre 18 e 24 anos.<\/p>\n<p>Para Ana Marta, \u201cestes dados refor\u00e7am que a desigualdade salarial entre negros e brancos persiste nos bancos e refletem diretamente na vida dos jovens negros e pardos, que ganham menos por ocuparem fun\u00e7\u00f5es da base hier\u00e1rquica nas institui\u00e7\u00f5es financeiras. Por isso seguimos cobrando do Santander e dos demais bancos a retomada da mesa espec\u00edfica de negocia\u00e7\u00e3o sobre diversidade para que possamos garantir de fato a inclus\u00e3o racial nos bancos, sobretudo nas fun\u00e7\u00f5es de lideran\u00e7a\u201d.<br \/>\u00a0<\/p>\n<p>Fonte: <a href=\"https:\/\/spbancarios.com.br\/11\/2023\/santander-exalta-diversidade-racial-mas-dados-mostram-o-contrario?fbclid=PAAabOWnFOD4z_N8lunNfrrKMYis2vWyQE36Mu_I-A9HYtK8DCZYkEcL9iFDI\" target=\"_blank\" rel=\"noopener noreferrer\">Sindicato dos Banc\u00e1rios de S\u00e3o Paulo, Osasco e Regi\u00e3o<\/a><\/p>\n","protected":false},"excerpt":{"rendered":"<p>Por ocasi\u00e3o do Dia da Consci\u00eancia Negra, dia 20 de novembro, o Santander divulgou um comunicado interno, via e-mail, no qual enumera a\u00e7\u00f5es afirmativas que \u201cfortalecem nossa vis\u00e3o de diversidade para as pessoas pretas e pardas\u201d. O texto \u00e9 assinado por Ede Ilson Viani. Branco, Viani \u00e9 \u201csponsor\u201d (promovedor) do tema diversidade racial no Santander, [&hellip;]<\/p>\n","protected":false},"author":2,"featured_media":14766,"comment_status":"","ping_status":"","sticky":false,"template":"","format":"standard","meta":{"footnotes":""},"categories":[3],"tags":[],"class_list":["post-14767","post","type-post","status-publish","format-standard","has-post-thumbnail","hentry","category-noticias"],"_links":{"self":[{"href":"https:\/\/hostnetart.com.br\/baixada\/wp-json\/wp\/v2\/posts\/14767","targetHints":{"allow":["GET"]}}],"collection":[{"href":"https:\/\/hostnetart.com.br\/baixada\/wp-json\/wp\/v2\/posts"}],"about":[{"href":"https:\/\/hostnetart.com.br\/baixada\/wp-json\/wp\/v2\/types\/post"}],"author":[{"embeddable":true,"href":"https:\/\/hostnetart.com.br\/baixada\/wp-json\/wp\/v2\/users\/2"}],"replies":[{"embeddable":true,"href":"https:\/\/hostnetart.com.br\/baixada\/wp-json\/wp\/v2\/comments?post=14767"}],"version-history":[{"count":0,"href":"https:\/\/hostnetart.com.br\/baixada\/wp-json\/wp\/v2\/posts\/14767\/revisions"}],"wp:featuredmedia":[{"embeddable":true,"href":"https:\/\/hostnetart.com.br\/baixada\/wp-json\/wp\/v2\/media\/14766"}],"wp:attachment":[{"href":"https:\/\/hostnetart.com.br\/baixada\/wp-json\/wp\/v2\/media?parent=14767"}],"wp:term":[{"taxonomy":"category","embeddable":true,"href":"https:\/\/hostnetart.com.br\/baixada\/wp-json\/wp\/v2\/categories?post=14767"},{"taxonomy":"post_tag","embeddable":true,"href":"https:\/\/hostnetart.com.br\/baixada\/wp-json\/wp\/v2\/tags?post=14767"}],"curies":[{"name":"wp","href":"https:\/\/api.w.org\/{rel}","templated":true}]}}