{"id":14765,"date":"2023-11-24T15:32:19","date_gmt":"2023-11-24T18:32:19","guid":{"rendered":"https:\/\/hostnetart.com.br\/baixada\/bradesco-anuncia-novo-presidente\/"},"modified":"2023-11-24T15:32:19","modified_gmt":"2023-11-24T18:32:19","slug":"bradesco-anuncia-novo-presidente","status":"publish","type":"post","link":"https:\/\/hostnetart.com.br\/baixada\/bradesco-anuncia-novo-presidente\/","title":{"rendered":"Bradesco anuncia novo presidente"},"content":{"rendered":"<p>O Bradesco anunciou nesta quinta-feira (23) que o executivo Marcelo Noronha, de 58 anos, ser\u00e1 o novo presidente do banco. Octavio de Lazari Jr., de 60 anos, que estava no cargo desde 2018, ir\u00e1 para uma vaga no Conselho de Administra\u00e7\u00e3o da entidade.<\/p>\n<p>Noronha tem longa trajet\u00f3ria como executivo no Bradesco, tendo sido diretor vice-presidente nos \u00faltimos oito anos, depois de ter comandado as \u00e1reas de Corporate, Empresas, BBI, Internacional, C\u00e2mbio, Varejo e Prime.<\/p>\n<p>Em 2023, o <a href=\"https:\/\/contrafcut.com.br\/noticias\/bradesco-lucra-r-134-bilhoes-nos-primeiros-nove-meses-de-2023\/\" target=\"_blank\" rel=\"noopener noreferrer\">Bradesco lucrou R$ 13,4 bilh\u00f5es de janeiro a setembro de 2023<\/a>, uma queda de 30,5% em rela\u00e7\u00e3o ao mesmo per\u00edodo de 2022. A <em>holding<\/em> fechou o terceiro trimestre deste ano com 86.102 funcion\u00e1rios, com o fechamento de 2.272 postos de trabalho no per\u00edodo de 12 meses. A institui\u00e7\u00e3o financeira encerrou setembro de 2023 com 71,7 milh\u00f5es de clientes, redu\u00e7\u00e3o de 0,8 milh\u00e3o em 12 meses. Nesse per\u00edodo, foram fechadas 117 ag\u00eancias, 206 postos de atendimento e 231 unidades de neg\u00f3cio.<\/p>\n<p>A secret\u00e1ria de Organiza\u00e7\u00e3o do Ramo Financeiro da Confedera\u00e7\u00e3o Nacional dos Trabalhadores do Ramo Financeiro (Contraf-CUT), Magaly Fagundes, coordenadora da Comiss\u00e3o de Organiza\u00e7\u00e3o de Empresa (COE) do Bradesco, afirma que \u201cvamos defender que o di\u00e1logo com os trabalhadores seja mantido. Temos mesa de negocia\u00e7\u00e3o com o banco, nas quais tratamos das reivindica\u00e7\u00f5es dos trabalhadores, e esperamos avan\u00e7os nestas negocia\u00e7\u00f5es\u201d.<\/p>\n<p><b>Fonte: Contraf-CUT<\/b><\/p>\n","protected":false},"excerpt":{"rendered":"<p>O Bradesco anunciou nesta quinta-feira (23) que o executivo Marcelo Noronha, de 58 anos, ser\u00e1 o novo presidente do banco. Octavio de Lazari Jr., de 60 anos, que estava no cargo desde 2018, ir\u00e1 para uma vaga no Conselho de Administra\u00e7\u00e3o da entidade. Noronha tem longa trajet\u00f3ria como executivo no Bradesco, tendo sido diretor vice-presidente [&hellip;]<\/p>\n","protected":false},"author":2,"featured_media":14764,"comment_status":"","ping_status":"","sticky":false,"template":"","format":"standard","meta":{"footnotes":""},"categories":[3],"tags":[],"class_list":["post-14765","post","type-post","status-publish","format-standard","has-post-thumbnail","hentry","category-noticias"],"_links":{"self":[{"href":"https:\/\/hostnetart.com.br\/baixada\/wp-json\/wp\/v2\/posts\/14765","targetHints":{"allow":["GET"]}}],"collection":[{"href":"https:\/\/hostnetart.com.br\/baixada\/wp-json\/wp\/v2\/posts"}],"about":[{"href":"https:\/\/hostnetart.com.br\/baixada\/wp-json\/wp\/v2\/types\/post"}],"author":[{"embeddable":true,"href":"https:\/\/hostnetart.com.br\/baixada\/wp-json\/wp\/v2\/users\/2"}],"replies":[{"embeddable":true,"href":"https:\/\/hostnetart.com.br\/baixada\/wp-json\/wp\/v2\/comments?post=14765"}],"version-history":[{"count":0,"href":"https:\/\/hostnetart.com.br\/baixada\/wp-json\/wp\/v2\/posts\/14765\/revisions"}],"wp:featuredmedia":[{"embeddable":true,"href":"https:\/\/hostnetart.com.br\/baixada\/wp-json\/wp\/v2\/media\/14764"}],"wp:attachment":[{"href":"https:\/\/hostnetart.com.br\/baixada\/wp-json\/wp\/v2\/media?parent=14765"}],"wp:term":[{"taxonomy":"category","embeddable":true,"href":"https:\/\/hostnetart.com.br\/baixada\/wp-json\/wp\/v2\/categories?post=14765"},{"taxonomy":"post_tag","embeddable":true,"href":"https:\/\/hostnetart.com.br\/baixada\/wp-json\/wp\/v2\/tags?post=14765"}],"curies":[{"name":"wp","href":"https:\/\/api.w.org\/{rel}","templated":true}]}}