{"id":14759,"date":"2023-11-22T18:08:09","date_gmt":"2023-11-22T21:08:09","guid":{"rendered":"https:\/\/hostnetart.com.br\/baixada\/hoje-tem-negociacao-do-saude-caixa\/"},"modified":"2023-11-22T18:08:09","modified_gmt":"2023-11-22T21:08:09","slug":"hoje-tem-negociacao-do-saude-caixa","status":"publish","type":"post","link":"https:\/\/hostnetart.com.br\/baixada\/hoje-tem-negociacao-do-saude-caixa\/","title":{"rendered":"Hoje tem negocia\u00e7\u00e3o do Sa\u00fade Caixa"},"content":{"rendered":"<p>O Comando Nacional dos Banc\u00e1rios e a Comiss\u00e3o Executiva dos Empregados (CEE) da Caixa Econ\u00f4mica Federal voltam a se reunir com o banco, nesta quarta-feira (22), em Bras\u00edlia, para dar continuidade \u00e0s negocia\u00e7\u00f5es sobre o Sa\u00fade Caixa, o plano de sa\u00fade das empregadas e empregados.<\/p>\n<p>\u201cO Sa\u00fade Caixa \u00e9 um patrim\u00f4nio inestim\u00e1vel das empregadas e empregados e precisa continuar cumprindo o seu papel de prote\u00e7\u00e3o \u00e0 sa\u00fade dos colegas da Caixa, da ativa e aposentados, e seus dependentes\u201d, observou a coordenadora da CEE\/Caixa e do GT Sa\u00fade Caixa, Fabiana Uehara Proscholdt. \u201c\u00c9 fundamental que todos permane\u00e7am atentos e mobilizados at\u00e9 que seja renovado o acordo coletivo sobre o Sa\u00fade Caixa\u201d, completou Fabiana ao lembrar que a vig\u00eancia do acordo se encerra no final de 2023, ou seja, em pouco mais de um m\u00eas.<\/p>\n<h3><strong>Negocia\u00e7\u00f5es<\/strong><\/h3>\n<p>As negocia\u00e7\u00f5es se intensificaram desde junho e, em novembro, j\u00e1 ocorreram tr\u00eas rodadas com a participa\u00e7\u00e3o da coordena\u00e7\u00e3o do Comando Nacional dos Banc\u00e1rios.<\/p>\n<p>Desde 2004, o acordo coletivo do Sa\u00fade Caixa estabelece que, em caso de saldo deficit\u00e1rio, ao final de cada ano, o banco e os titulares ser\u00e3o chamados a arcar com o saldo negativo. Como o estatuto da Caixa, alterado em 2017, estabelece que o banco n\u00e3o pode gastar mais de 6,5% da folha de pagamento com o plano de sa\u00fade, e este limite j\u00e1 foi atingido, o \u00f4nus total dos d\u00e9ficits recairiam sobre os trabalhadores.<\/p>\n<p>Segundo \u00faltimas apura\u00e7\u00f5es apresentadas pelo banco, o plano de sa\u00fade acumula d\u00e9ficit de R$ 422 milh\u00f5es em 2023 e a proje\u00e7\u00e3o, para 2024, \u00e9 de cerca de R$ 660 milh\u00f5es.<\/p>\n<p>\u201cDesde o in\u00edcio das negocia\u00e7\u00f5es, cobramos a remo\u00e7\u00e3o do teto de 6,5% da folha de pagamentos como limite dos gastos da Caixa com a sa\u00fade de seus empregados. E esse ponto deve passar por v\u00e1rios \u00f3rg\u00e3os reguladores\u201d, ressaltou a presidenta do Sindicato dos Banc\u00e1rios de S\u00e3o Paulo, Osasco e Regi\u00e3o, que \u00e9 uma das coordenadoras do Comando Nacional dos Banc\u00e1rios, Neiva Ribeiro.<\/p>\n<h3><strong>Avan\u00e7os: d\u00e9ficit 2023 zerado<\/strong><\/h3>\n<p>Nas negocia\u00e7\u00f5es ocorridas nos dias 1 e 9 de novembro, os trabalhadores conseguiram que a Caixa se comprometesse a tirar do saldo de d\u00e9ficit as despesas do pessoal de 2021 a 2023 e continuar arcando com estas despesas.<\/p>\n<p>\u201cA solu\u00e7\u00e3o significa uma redu\u00e7\u00e3o de R$ 177 milh\u00f5es no d\u00e9ficit. E, somada ao uso das reservas t\u00e9cnicas e de conting\u00eancia, zera o d\u00e9ficit deste ano e ainda sobram R$ 40 milh\u00f5es para ajudar em 2024\u201d, explicou a presidenta da Confedera\u00e7\u00e3o Nacional dos Trabalhadores e Trabalhadoras do Ramo Financeiro (Contraf-CUT), que \u00e9 uma das coordenadoras do Comando Nacional dos Banc\u00e1rios, Juvandia Moreira.<\/p>\n<p>Outro avan\u00e7o obtido pelos trabalhadores, \u00e9 o compromisso do banco em repassar, a cada seis meses, informa\u00e7\u00f5es financeiras e atuariais do plano (dados prim\u00e1rios), para que os empregados e suas entidades representativas possam acompanhar o equil\u00edbrio financeiro do Sa\u00fade Caixa.<\/p>\n<h3><strong>A luta continua!<\/strong><\/h3>\n<p>A representa\u00e7\u00e3o dos empregados insiste na necessidade de extin\u00e7\u00e3o do teto de 6,5% da folha de pagamentos como limite da Caixa para custos com a Sa\u00fade das empregadas e empregados e tamb\u00e9m com a melhoria do atendimento do Sa\u00fade Caixa, que passa pela volta das ger\u00eancias regionais para permitir a resolu\u00e7\u00e3o dos problemas regionais por pessoas que s\u00e3o da regi\u00e3o e, por isso, vivenciam os empecilhos que prejudicam o atendimento dos usu\u00e1rios do plano e dos profissionais de sa\u00fade, cl\u00ednicas e hospitais credenciados.<\/p>\n<p>Nesta quarta-feira, dirigentes e entidades sindicais se juntam aos empregados da Caixa em atividades presenciais, das 10h \u00e0s 12h, em todo o pa\u00eds e num tuita\u00e7o, das 11h \u00e0s 12h, com a hashtag #QueremosSa\u00fadeCaixa.<\/p>\n<p><strong>Fonte: Contraf-CUT<\/strong><\/p>\n","protected":false},"excerpt":{"rendered":"<p>O Comando Nacional dos Banc\u00e1rios e a Comiss\u00e3o Executiva dos Empregados (CEE) da Caixa Econ\u00f4mica Federal voltam a se reunir com o banco, nesta quarta-feira (22), em Bras\u00edlia, para dar continuidade \u00e0s negocia\u00e7\u00f5es sobre o Sa\u00fade Caixa, o plano de sa\u00fade das empregadas e empregados. \u201cO Sa\u00fade Caixa \u00e9 um patrim\u00f4nio inestim\u00e1vel das empregadas e [&hellip;]<\/p>\n","protected":false},"author":2,"featured_media":14758,"comment_status":"","ping_status":"","sticky":false,"template":"","format":"standard","meta":{"footnotes":""},"categories":[3],"tags":[],"class_list":["post-14759","post","type-post","status-publish","format-standard","has-post-thumbnail","hentry","category-noticias"],"_links":{"self":[{"href":"https:\/\/hostnetart.com.br\/baixada\/wp-json\/wp\/v2\/posts\/14759","targetHints":{"allow":["GET"]}}],"collection":[{"href":"https:\/\/hostnetart.com.br\/baixada\/wp-json\/wp\/v2\/posts"}],"about":[{"href":"https:\/\/hostnetart.com.br\/baixada\/wp-json\/wp\/v2\/types\/post"}],"author":[{"embeddable":true,"href":"https:\/\/hostnetart.com.br\/baixada\/wp-json\/wp\/v2\/users\/2"}],"replies":[{"embeddable":true,"href":"https:\/\/hostnetart.com.br\/baixada\/wp-json\/wp\/v2\/comments?post=14759"}],"version-history":[{"count":0,"href":"https:\/\/hostnetart.com.br\/baixada\/wp-json\/wp\/v2\/posts\/14759\/revisions"}],"wp:featuredmedia":[{"embeddable":true,"href":"https:\/\/hostnetart.com.br\/baixada\/wp-json\/wp\/v2\/media\/14758"}],"wp:attachment":[{"href":"https:\/\/hostnetart.com.br\/baixada\/wp-json\/wp\/v2\/media?parent=14759"}],"wp:term":[{"taxonomy":"category","embeddable":true,"href":"https:\/\/hostnetart.com.br\/baixada\/wp-json\/wp\/v2\/categories?post=14759"},{"taxonomy":"post_tag","embeddable":true,"href":"https:\/\/hostnetart.com.br\/baixada\/wp-json\/wp\/v2\/tags?post=14759"}],"curies":[{"name":"wp","href":"https:\/\/api.w.org\/{rel}","templated":true}]}}