{"id":14757,"date":"2023-11-22T13:18:04","date_gmt":"2023-11-22T16:18:04","guid":{"rendered":"https:\/\/hostnetart.com.br\/baixada\/alerj-debate-eleicoes-de-2024-e-politicas-de-igualdade-racial\/"},"modified":"2023-11-22T13:18:04","modified_gmt":"2023-11-22T16:18:04","slug":"alerj-debate-eleicoes-de-2024-e-politicas-de-igualdade-racial","status":"publish","type":"post","link":"https:\/\/hostnetart.com.br\/baixada\/alerj-debate-eleicoes-de-2024-e-politicas-de-igualdade-racial\/","title":{"rendered":"Alerj debate elei\u00e7\u00f5es de 2024 e pol\u00edticas de igualdade racial"},"content":{"rendered":"<p>O secret\u00e1rio de combate ao Racismo da Confedera\u00e7\u00e3o Nacional dos Trabalhadores do Ramo Financeiro, Almir Aguiar, participa nesta quarta-feira (22) do debate \u201cDesafios eleitorais para 2024 e as pol\u00edticas de promo\u00e7\u00e3o da igualdade nacional\u201d, promovido pela Assembleia Legislativa do Rio de Janeiro (Alerj). Com media\u00e7\u00e3o de Ian\u00ea Germano e Marcelo Dias, o evento tamb\u00e9m ter\u00e1 a participa\u00e7\u00e3o de Adriana Martins, Dolores Lima, Eloi Ribeiro, Juca Ribeiro e Lucimar Felisberto.<\/p>\n<p>Em formato h\u00edbrido (presencial e remoto), o evento ser\u00e1 realizado, das 14h \u00e0s 17h, no audit\u00f3rio da Escola do Legislativo do Estado do Rio de Janeiro, na rua da Ajuda, n\u00ba 5, 2\u00ba andar. Para participa\u00e7\u00e3o remota, as inscri\u00e7\u00f5es podem ser feitas at\u00e9 o dia do evento pelos\u00a0<em>links<\/em><a href=\"https:\/\/bit.ly\/3SkFsUC\" target=\"_blank\" rel=\"noopener noreferrer\">https:\/\/bit.ly\/3SkFsUC<\/a>\u00a0e\u00a0<a href=\"https:\/\/tinyurl.com\/yc72mvcf\" target=\"_blank\" rel=\"noopener noreferrer\">https:\/\/tinyurl.com\/yc72mvcf<\/a>.<\/p>\n<p>Almir Aguiar destaca a relev\u00e2ncia do debate, \u201cporque discutir os desafios eleitorais para 2024 \u00e9 muito importante quando voc\u00ea o faz pela perspectiva do negro e da negra. Temos sempre que lembrar que somos 57% da popula\u00e7\u00e3o brasileira, e o n\u00famero de parlamentares negros e negras \u00e9 muito pequeno\u201d.<\/p>\n<p>O secret\u00e1rio lembra que \u201crecentemente, a Justi\u00e7a Eleitoral determinou que mais recursos devem ser destinados a mulheres e negros e negras no processo eleitoral, mas os partidos n\u00e3o cumpriram a decis\u00e3o e entraram com uma proposta de emenda constitucional para uma anistia, pois as multas seriam muito altas\u201d. Para Almir, \u201cs\u00f3 haver\u00e1 mudan\u00e7as efetivas, na educa\u00e7\u00e3o, na sa\u00fade, no trabalho, na vida em geral, quando tivermos um n\u00famero de parlamentares negros que corresponda ao percentual da sociedade\u201d.<\/p>\n<p><strong>Fonte: Contraf-CUT<\/strong><\/p>\n","protected":false},"excerpt":{"rendered":"<p>O secret\u00e1rio de combate ao Racismo da Confedera\u00e7\u00e3o Nacional dos Trabalhadores do Ramo Financeiro, Almir Aguiar, participa nesta quarta-feira (22) do debate \u201cDesafios eleitorais para 2024 e as pol\u00edticas de promo\u00e7\u00e3o da igualdade nacional\u201d, promovido pela Assembleia Legislativa do Rio de Janeiro (Alerj). Com media\u00e7\u00e3o de Ian\u00ea Germano e Marcelo Dias, o evento tamb\u00e9m ter\u00e1 [&hellip;]<\/p>\n","protected":false},"author":2,"featured_media":14756,"comment_status":"","ping_status":"","sticky":false,"template":"","format":"standard","meta":{"footnotes":""},"categories":[3],"tags":[],"class_list":["post-14757","post","type-post","status-publish","format-standard","has-post-thumbnail","hentry","category-noticias"],"_links":{"self":[{"href":"https:\/\/hostnetart.com.br\/baixada\/wp-json\/wp\/v2\/posts\/14757","targetHints":{"allow":["GET"]}}],"collection":[{"href":"https:\/\/hostnetart.com.br\/baixada\/wp-json\/wp\/v2\/posts"}],"about":[{"href":"https:\/\/hostnetart.com.br\/baixada\/wp-json\/wp\/v2\/types\/post"}],"author":[{"embeddable":true,"href":"https:\/\/hostnetart.com.br\/baixada\/wp-json\/wp\/v2\/users\/2"}],"replies":[{"embeddable":true,"href":"https:\/\/hostnetart.com.br\/baixada\/wp-json\/wp\/v2\/comments?post=14757"}],"version-history":[{"count":0,"href":"https:\/\/hostnetart.com.br\/baixada\/wp-json\/wp\/v2\/posts\/14757\/revisions"}],"wp:featuredmedia":[{"embeddable":true,"href":"https:\/\/hostnetart.com.br\/baixada\/wp-json\/wp\/v2\/media\/14756"}],"wp:attachment":[{"href":"https:\/\/hostnetart.com.br\/baixada\/wp-json\/wp\/v2\/media?parent=14757"}],"wp:term":[{"taxonomy":"category","embeddable":true,"href":"https:\/\/hostnetart.com.br\/baixada\/wp-json\/wp\/v2\/categories?post=14757"},{"taxonomy":"post_tag","embeddable":true,"href":"https:\/\/hostnetart.com.br\/baixada\/wp-json\/wp\/v2\/tags?post=14757"}],"curies":[{"name":"wp","href":"https:\/\/api.w.org\/{rel}","templated":true}]}}