{"id":14755,"date":"2023-11-17T13:12:13","date_gmt":"2023-11-17T16:12:13","guid":{"rendered":"https:\/\/hostnetart.com.br\/baixada\/fetraf-rj-es-participa-de-reuniao-da-comissao-nacional-de-aposentadas-e-aposentados-na-contraf-cut\/"},"modified":"2023-11-17T13:12:13","modified_gmt":"2023-11-17T16:12:13","slug":"fetraf-rj-es-participa-de-reuniao-da-comissao-nacional-de-aposentadas-e-aposentados-na-contraf-cut","status":"publish","type":"post","link":"https:\/\/hostnetart.com.br\/baixada\/fetraf-rj-es-participa-de-reuniao-da-comissao-nacional-de-aposentadas-e-aposentados-na-contraf-cut\/","title":{"rendered":"Fetraf RJ\/ES participa de reuni\u00e3o da Comiss\u00e3o Nacional de Aposentadas e Aposentados na Contraf-CUT"},"content":{"rendered":"<p>Nos dias 13 e 14 de novembro, representantes de Federa\u00e7\u00f5es de Banc\u00e1rios, de v\u00e1rias regi\u00f5es do pa\u00eds, se reuniram na sede da Confedera\u00e7\u00e3o Nacional dos Trabalhadores do Ramo Financeiro (Contraf-CUT), em S\u00e3o Paulo, na primeira reuni\u00e3o presencial da Comiss\u00e3o Nacional de Aposentadas e Aposentados, rec\u00e9m criada pela Confedera\u00e7\u00e3o.<\/p>\n<p>A Federa\u00e7\u00e3o dos Trabalhadores do Ramo Financeiro dos Estados do Rio de Janeiro e Esp\u00edrito Santo (Fetraf RJ\/ES), da qual o Sindicato dos Banc\u00e1rios da Baixada Fluminense \u00e9 filiado, foi representada por Jorge Valverde, Diretor do Sindicato dos Banc\u00e1rios de Angra dos Reis e Regi\u00e3o.<\/p>\n<p>Jorge Valverde e Rita Lima, Coordenadora do Sindicato dos Banc\u00e1rios do Esp\u00edrito Santo, comp\u00f5em a Comiss\u00e3o.<\/p>\n<p>A REUNI\u00c3O<\/p>\n<p>Foi feito um diagn\u00f3stico do n\u00famero de aposentados banc\u00e1rios brasileiros, assim como de suas demandas e reivindica\u00e7\u00f5es.<\/p>\n<p>A\u00e7\u00f5es imediatas como a cria\u00e7\u00e3o de um Cadastro Nacional de Aposentados, e outras de m\u00e9dio prazo, como a busca de melhorias e um estudo sobre planos de sa\u00fade, foram aprovadas.<\/p>\n<p>\u201cA exposi\u00e7\u00e3o do representante do Dieese, no primeiro dia do evento, apresentou n\u00fameros que subsidiaram os debates e nos mostrou que o etarismo, preconceito contra idosos, \u00e9 uma realidade na sociedade brasileira e praticado fortemente por empresas, como os bancos, por exemplo.\u201d, comentou Jorge Valverde.<\/p>\n<p>A Comiss\u00e3o volta a se reunir no m\u00eas de dezembro, de forma virtual.<\/p>\n<p><b>Fonte: Fetraf RJ\/ES<\/b><\/p>\n","protected":false},"excerpt":{"rendered":"<p>Nos dias 13 e 14 de novembro, representantes de Federa\u00e7\u00f5es de Banc\u00e1rios, de v\u00e1rias regi\u00f5es do pa\u00eds, se reuniram na sede da Confedera\u00e7\u00e3o Nacional dos Trabalhadores do Ramo Financeiro (Contraf-CUT), em S\u00e3o Paulo, na primeira reuni\u00e3o presencial da Comiss\u00e3o Nacional de Aposentadas e Aposentados, rec\u00e9m criada pela Confedera\u00e7\u00e3o. A Federa\u00e7\u00e3o dos Trabalhadores do Ramo Financeiro [&hellip;]<\/p>\n","protected":false},"author":2,"featured_media":14754,"comment_status":"","ping_status":"","sticky":false,"template":"","format":"standard","meta":{"footnotes":""},"categories":[3],"tags":[],"class_list":["post-14755","post","type-post","status-publish","format-standard","has-post-thumbnail","hentry","category-noticias"],"_links":{"self":[{"href":"https:\/\/hostnetart.com.br\/baixada\/wp-json\/wp\/v2\/posts\/14755","targetHints":{"allow":["GET"]}}],"collection":[{"href":"https:\/\/hostnetart.com.br\/baixada\/wp-json\/wp\/v2\/posts"}],"about":[{"href":"https:\/\/hostnetart.com.br\/baixada\/wp-json\/wp\/v2\/types\/post"}],"author":[{"embeddable":true,"href":"https:\/\/hostnetart.com.br\/baixada\/wp-json\/wp\/v2\/users\/2"}],"replies":[{"embeddable":true,"href":"https:\/\/hostnetart.com.br\/baixada\/wp-json\/wp\/v2\/comments?post=14755"}],"version-history":[{"count":0,"href":"https:\/\/hostnetart.com.br\/baixada\/wp-json\/wp\/v2\/posts\/14755\/revisions"}],"wp:featuredmedia":[{"embeddable":true,"href":"https:\/\/hostnetart.com.br\/baixada\/wp-json\/wp\/v2\/media\/14754"}],"wp:attachment":[{"href":"https:\/\/hostnetart.com.br\/baixada\/wp-json\/wp\/v2\/media?parent=14755"}],"wp:term":[{"taxonomy":"category","embeddable":true,"href":"https:\/\/hostnetart.com.br\/baixada\/wp-json\/wp\/v2\/categories?post=14755"},{"taxonomy":"post_tag","embeddable":true,"href":"https:\/\/hostnetart.com.br\/baixada\/wp-json\/wp\/v2\/tags?post=14755"}],"curies":[{"name":"wp","href":"https:\/\/api.w.org\/{rel}","templated":true}]}}