{"id":14745,"date":"2023-11-16T13:19:26","date_gmt":"2023-11-16T16:19:26","guid":{"rendered":"https:\/\/hostnetart.com.br\/baixada\/sindicato-protesta-contra-demissoes-no-itau\/"},"modified":"2023-11-16T13:19:26","modified_gmt":"2023-11-16T16:19:26","slug":"sindicato-protesta-contra-demissoes-no-itau","status":"publish","type":"post","link":"https:\/\/hostnetart.com.br\/baixada\/sindicato-protesta-contra-demissoes-no-itau\/","title":{"rendered":"Sindicato protesta contra demiss\u00f5es no Ita\u00fa"},"content":{"rendered":"<p>O Sindicato dos Banc\u00e1rios da Baixada Fluminense percorreu ag\u00eancias do Ita\u00fa, em Nova Igua\u00e7u, para protestar contra a onda de demiss\u00f5es que vem ocorrendo nestes \u00faltimos meses.<\/p>\n<p>Foi o Dia de Luta do Banco\u00a0Ita\u00fa, com atos que ocorreram nas bases dos sindicatos filiados \u00e0 Federa\u00e7\u00e3o dos Trabalhadores do Ramo Financeiro dos Estados do Rio de Janeiro e Esp\u00edrito Santo (Fetraf RJ\/ES).<\/p>\n<p>As diretoras e diretores do Sindicato exibiram uma faixa, entregaram informativos onde mostram n\u00fameros e dados alarmantes do que vem ocorrendo no setor banc\u00e1rio. O Sindicato conversou com clientes e se colocou, como sempre, \u00e0 disposi\u00e7\u00e3o dos trabalhadores banc\u00e1rios. Tamb\u00e9m pediu que denunciem qualquer tipo de abuso, caso ocorra.<\/p>\n<p>O fechamento de ag\u00eancias, al\u00e9m do ass\u00e9dio moral, tamb\u00e9m motivaram as manifesta\u00e7\u00f5es realizadas nas ag\u00eancias da regi\u00e3o.<\/p>\n<p>LUCRO DE R$ 26 BILH\u00d5ES EM 2023<\/p>\n<p>O Ita\u00fa Unibanco obteve lucro l\u00edquido recorrente gerencial \u2013 que exclui efeitos extraordin\u00e1rios \u2013 de R$ 26,217 bilh\u00f5es nos nove primeiros meses de 2023, montante 13,4% maior em rela\u00e7\u00e3o ao mesmo per\u00edodo de 2022. Apenas no terceiro trimestre, o resultado foi de R$ 9,04 bilh\u00f5es, um crescimento de 3,4%, frente aos R$ 8,74 bilh\u00f5es registrados nos tr\u00eas meses imediatamente anteriores.<\/p>\n<p>MAS SEGUE DEMITINDO\u2026<\/p>\n<p>Mesmo com esses resultados, o banco fechou 1.082 postos de trabalho em 12 meses. No trimestre, foram 881 vagas extintas. O grupo fechou 180 ag\u00eancias f\u00edsicas no Brasil em 12 meses e 31 em tr\u00eas meses. Nesse m\u00eas, o Ita\u00fa tinha 2.608 unidades no pa\u00eds.<\/p>\n<p>QUEM LUCRA, E MUITO, N\u00c3O DEMITE!<\/p>\n<p><img \/><\/p>\n","protected":false},"excerpt":{"rendered":"<p>O Sindicato dos Banc\u00e1rios da Baixada Fluminense percorreu ag\u00eancias do Ita\u00fa, em Nova Igua\u00e7u, para protestar contra a onda de demiss\u00f5es que vem ocorrendo nestes \u00faltimos meses. Foi o Dia de Luta do Banco\u00a0Ita\u00fa, com atos que ocorreram nas bases dos sindicatos filiados \u00e0 Federa\u00e7\u00e3o dos Trabalhadores do Ramo Financeiro dos Estados do Rio de [&hellip;]<\/p>\n","protected":false},"author":2,"featured_media":14744,"comment_status":"","ping_status":"","sticky":false,"template":"","format":"standard","meta":{"footnotes":""},"categories":[3],"tags":[],"class_list":["post-14745","post","type-post","status-publish","format-standard","has-post-thumbnail","hentry","category-noticias"],"_links":{"self":[{"href":"https:\/\/hostnetart.com.br\/baixada\/wp-json\/wp\/v2\/posts\/14745","targetHints":{"allow":["GET"]}}],"collection":[{"href":"https:\/\/hostnetart.com.br\/baixada\/wp-json\/wp\/v2\/posts"}],"about":[{"href":"https:\/\/hostnetart.com.br\/baixada\/wp-json\/wp\/v2\/types\/post"}],"author":[{"embeddable":true,"href":"https:\/\/hostnetart.com.br\/baixada\/wp-json\/wp\/v2\/users\/2"}],"replies":[{"embeddable":true,"href":"https:\/\/hostnetart.com.br\/baixada\/wp-json\/wp\/v2\/comments?post=14745"}],"version-history":[{"count":0,"href":"https:\/\/hostnetart.com.br\/baixada\/wp-json\/wp\/v2\/posts\/14745\/revisions"}],"wp:featuredmedia":[{"embeddable":true,"href":"https:\/\/hostnetart.com.br\/baixada\/wp-json\/wp\/v2\/media\/14744"}],"wp:attachment":[{"href":"https:\/\/hostnetart.com.br\/baixada\/wp-json\/wp\/v2\/media?parent=14745"}],"wp:term":[{"taxonomy":"category","embeddable":true,"href":"https:\/\/hostnetart.com.br\/baixada\/wp-json\/wp\/v2\/categories?post=14745"},{"taxonomy":"post_tag","embeddable":true,"href":"https:\/\/hostnetart.com.br\/baixada\/wp-json\/wp\/v2\/tags?post=14745"}],"curies":[{"name":"wp","href":"https:\/\/api.w.org\/{rel}","templated":true}]}}