{"id":14743,"date":"2023-11-14T15:49:07","date_gmt":"2023-11-14T18:49:07","guid":{"rendered":"https:\/\/hostnetart.com.br\/baixada\/forum-de-visibilidade-estabelece-plano-para-inclusao-de-pretos-e-pretas-no-setor-financeiro\/"},"modified":"2023-11-14T15:49:07","modified_gmt":"2023-11-14T18:49:07","slug":"forum-de-visibilidade-estabelece-plano-para-inclusao-de-pretos-e-pretas-no-setor-financeiro","status":"publish","type":"post","link":"https:\/\/hostnetart.com.br\/baixada\/forum-de-visibilidade-estabelece-plano-para-inclusao-de-pretos-e-pretas-no-setor-financeiro\/","title":{"rendered":"F\u00f3rum de visibilidade estabelece plano para inclus\u00e3o de pretos e pretas no setor financeiro"},"content":{"rendered":"<p>O segundo e \u00faltimo dia do VII F\u00f3rum Nacional pela Visibilidade Negra no Sistema Financeiro, realizado no s\u00e1bado (11), terminou com a aprova\u00e7\u00e3o de seis medidas de incentivo \u00e0 diversidade no setor que inclui bancos, financeiras e empresas de cart\u00e3o de cr\u00e9dito.<\/p>\n<p>\u201cDados do IBGE (Instituto Brasileiro de Geografia e Estat\u00edstica) mostram que a popula\u00e7\u00e3o negra corresponde a 56,1% dos brasileiros. Entretanto, a popula\u00e7\u00e3o negra \u00e9 a maioria entre os trabalhadores desprotegidos e com rendimento m\u00e9dio menor. Na categoria banc\u00e1ria, pretos e pardos representam apenas 24% do total de trabalhadores no setor\u201d, explicou o secret\u00e1rio de Combate ao Racismo da Confedera\u00e7\u00e3o Nacional dos Trabalhadores do Ramo Financeiro (Contraf-CUT), Almir Aguiar.<\/p>\n<p>Para alterar essa realidade, os participantes do evento aprovaram:<\/p>\n<ol type=\"1\">\n<li>Programa de incentivo a empresas que aderirem a um programa de inclus\u00e3o racial corporativo;<\/li>\n<li>Cria\u00e7\u00e3o de um protocolo de inten\u00e7\u00f5es entre o Minist\u00e9rio de Igualdade Racial, Minist\u00e9rio da Educa\u00e7\u00e3o e Cultura (MEC) e bancos p\u00fablicos, para promover a inclus\u00e3o de bolsistas do Prouni (Programa Universidade para Todos) no programa de est\u00e1gios;<\/li>\n<li>Debater junto aos bancos um novo Censo da Diversidade;<\/li>\n<li>Propor na mesa de negocia\u00e7\u00e3o com a Fenaban (Federa\u00e7\u00e3o Nacional dos Bancos) a reserva de 30% das cotas raciais para contrata\u00e7\u00e3o de empregados em bancos privados;<\/li>\n<li>Propor na mesa de negocia\u00e7\u00e3o com a Fenaban a reserva de 30% das cotas raciais nos cargos de confian\u00e7a dos bancos privados; e<\/li>\n<li>Propor protocolo de inten\u00e7\u00f5es entre o Minist\u00e9rio da Igualdade Racial e bancos p\u00fablicos para promover a reserva de 30% para cotas raciais dos cargos de confian\u00e7a dos bancos p\u00fablicos, atendendo o Decreto 11.443\/2023, que disp\u00f5e sobre o preenchimento por pessoas negras de percentual m\u00ednimo de cargos em comiss\u00e3o e fun\u00e7\u00f5es de confian\u00e7a no \u00e2mbito da administra\u00e7\u00e3o p\u00fablica federal.<\/li>\n<\/ol>\n<p>\u201cNos bancos, \u00e0 medida que os cargos v\u00e3o subindo, em n\u00edvel de hierarquia, a representa\u00e7\u00e3o da popula\u00e7\u00e3o negra vai caindo\u201d, explicou o economista e servidor do Banco Central, Rodrigo Monteiro, durante sua palestra no F\u00f3rum,\u00a0<a href=\"https:\/\/www.sindbancarios.org.br\/index.php\/forum-pela-visibilidade-negra-termina-com-proposicao-de-bandeiras-de-luta-contra-racismo-e-desigualdades\/\" target=\"_blank\" rel=\"noopener noreferrer\">conforme site do SindBanc\u00e1rios<\/a>. \u201cNos Conselhos de Administra\u00e7\u00e3o, por exemplo, a presen\u00e7a de negros \u00e9 de menos de 5%. J\u00e1 no quadro de\u00a0<em>trainees<\/em>\u00a0o percentual aumenta para 58,2%, mostrando um poss\u00edvel impacto da Lei de Cotas, de 2012. Temos mais pessoas negras com n\u00edvel superior disputando vagas. \u00c9 resultado de uma a\u00e7\u00e3o afirmativa de l\u00e1 atr\u00e1s\u201d, disse.<\/p>\n<p>Leia tamb\u00e9m:\u00a0<a href=\"https:\/\/contrafcut.com.br\/noticias\/lei-que-atualiza-politica-de-cotas-e-sancionada\/\">Lei que atualiza pol\u00edtica de cotas \u00e9 sancionada<\/a><\/p>\n<p>Monteiro destacou que, no Banco Central, a inser\u00e7\u00e3o de negros \u00e9 menor do que a m\u00e9dia registrada no sistema banc\u00e1rio: apenas 15,3% dos trabalhadores se autodeclaram pretos e pardos.<\/p>\n<p>Por outro lado, o servidor apontou como uma mudan\u00e7a positiva na quest\u00e3o da diversidade a nomea\u00e7\u00e3o, pelo ministro da Fazenda, Fernando Haddad, de Ailton de Aquino Santos para a diretoria de Fiscaliza\u00e7\u00e3o, se tornando o primeiro negro a assumir uma diretoria do BC em quase 60 anos de exist\u00eancia da institui\u00e7\u00e3o.<\/p>\n<p>Outro exemplo positivo, levantado pelos realizadores do F\u00f3rum, \u00e9 a nomea\u00e7\u00e3o de Tarciana Medeiros, a primeira mulher e negra a assumir a presid\u00eancia do Banco do Brasil, ap\u00f3s 214 anos de exist\u00eancia da institui\u00e7\u00e3o.<\/p>\n<p>Monteiro observou que a grande desigualdade racial do sistema financeiro \u00e9 reflexo do racismo perpetuado pelo regime escravagista. \u201cO Brasil foi o \u00faltimo pa\u00eds a abolir a escravid\u00e3o, n\u00e3o houve repara\u00e7\u00e3o financeira aos negros libertos, eles deixaram as propriedades rurais e criaram aglomerados urbanos nas cidades. Ent\u00e3o a\u00e7\u00f5es afirmativas s\u00e3o a\u00e7\u00f5es compensat\u00f3rias, n\u00e3o s\u00e3o favores\u201d, ressaltou.<\/p>\n<p>Entre as a\u00e7\u00f5es afirmativas mais recentes, o economista citou:<\/p>\n<ul>\n<li>Lei 12.711 (2012): define percentual de cotas para ensino superior;<\/li>\n<li>Lei 12.990 (2014): destina 20% das vagas em concursos p\u00fablicos para negros;<\/li>\n<li>Decreto 11.443 (2023): disp\u00f5e sobre preenchimento por pessoas negras de percentual m\u00ednimo de cargos em comiss\u00e3o e fun\u00e7\u00f5es de confian\u00e7a no \u00e2mbito da administra\u00e7\u00e3o p\u00fablica federal (m\u00ednimo de 30%);<\/li>\n<li>Cria\u00e7\u00e3o do Minist\u00e9rio da Igualdade Racial e a retomada das pol\u00edticas p\u00fablicas em prol das popula\u00e7\u00f5es negras e quilombolas (2023);<\/li>\n<li>Bancada Negra no Congresso Nacional (2023): a nova bancada \u00e9 uma consequ\u00eancia da Emenda Constitucional 111, que adotou novas regras para a C\u00e2mara Federal. De acordo com a emenda, os votos a mulheres e pessoas negras contar\u00e3o em dobro para a distribui\u00e7\u00e3o dos recursos do fundo eleitoral entre os partidos pol\u00edticos at\u00e9 as elei\u00e7\u00f5es de 2030.<\/li>\n<\/ul>\n<p>Sobre a Bancada Negra, Monteiro ressaltou que \u201c\u00e9 preciso votar em candidatos negros que lutem pela causa negra, pois n\u00e3o \u00e9 por ser negro que est\u00e1 com os negros; tem que estar comprometido\u201d. O economista defendeu ainda a necessidade de as pessoas negras ocuparem posi\u00e7\u00f5es de lideran\u00e7a no sistema financeiro e no mercado de trabalho como um todo. \u201cTemos que escrever a nossa hist\u00f3ria e n\u00e3o deixar que outros fa\u00e7am isso por n\u00f3s\u201d, decretou.<\/p>\n<p><em>Mat\u00e9ria escrita pela Contraf-CUT em parceria com SindBanc\u00e1rios (Sindicato dos Banc\u00e1rios de Porto Alegre e Regi\u00e3o)<\/em><\/p>\n<p><strong>Fonte: Contraf-CUT<\/strong><\/p>\n","protected":false},"excerpt":{"rendered":"<p>O segundo e \u00faltimo dia do VII F\u00f3rum Nacional pela Visibilidade Negra no Sistema Financeiro, realizado no s\u00e1bado (11), terminou com a aprova\u00e7\u00e3o de seis medidas de incentivo \u00e0 diversidade no setor que inclui bancos, financeiras e empresas de cart\u00e3o de cr\u00e9dito. \u201cDados do IBGE (Instituto Brasileiro de Geografia e Estat\u00edstica) mostram que a popula\u00e7\u00e3o [&hellip;]<\/p>\n","protected":false},"author":2,"featured_media":14742,"comment_status":"","ping_status":"","sticky":false,"template":"","format":"standard","meta":{"footnotes":""},"categories":[3],"tags":[],"class_list":["post-14743","post","type-post","status-publish","format-standard","has-post-thumbnail","hentry","category-noticias"],"_links":{"self":[{"href":"https:\/\/hostnetart.com.br\/baixada\/wp-json\/wp\/v2\/posts\/14743","targetHints":{"allow":["GET"]}}],"collection":[{"href":"https:\/\/hostnetart.com.br\/baixada\/wp-json\/wp\/v2\/posts"}],"about":[{"href":"https:\/\/hostnetart.com.br\/baixada\/wp-json\/wp\/v2\/types\/post"}],"author":[{"embeddable":true,"href":"https:\/\/hostnetart.com.br\/baixada\/wp-json\/wp\/v2\/users\/2"}],"replies":[{"embeddable":true,"href":"https:\/\/hostnetart.com.br\/baixada\/wp-json\/wp\/v2\/comments?post=14743"}],"version-history":[{"count":0,"href":"https:\/\/hostnetart.com.br\/baixada\/wp-json\/wp\/v2\/posts\/14743\/revisions"}],"wp:featuredmedia":[{"embeddable":true,"href":"https:\/\/hostnetart.com.br\/baixada\/wp-json\/wp\/v2\/media\/14742"}],"wp:attachment":[{"href":"https:\/\/hostnetart.com.br\/baixada\/wp-json\/wp\/v2\/media?parent=14743"}],"wp:term":[{"taxonomy":"category","embeddable":true,"href":"https:\/\/hostnetart.com.br\/baixada\/wp-json\/wp\/v2\/categories?post=14743"},{"taxonomy":"post_tag","embeddable":true,"href":"https:\/\/hostnetart.com.br\/baixada\/wp-json\/wp\/v2\/tags?post=14743"}],"curies":[{"name":"wp","href":"https:\/\/api.w.org\/{rel}","templated":true}]}}