{"id":14741,"date":"2023-11-14T15:45:43","date_gmt":"2023-11-14T18:45:43","guid":{"rendered":"https:\/\/hostnetart.com.br\/baixada\/em-mesa-bipartite-de-saude-trabalhadores-exigem-acolhimento-de-bancarios-adoecidos\/"},"modified":"2023-11-14T15:45:43","modified_gmt":"2023-11-14T18:45:43","slug":"em-mesa-bipartite-de-saude-trabalhadores-exigem-acolhimento-de-bancarios-adoecidos","status":"publish","type":"post","link":"https:\/\/hostnetart.com.br\/baixada\/em-mesa-bipartite-de-saude-trabalhadores-exigem-acolhimento-de-bancarios-adoecidos\/","title":{"rendered":"Em mesa bipartite de sa\u00fade, trabalhadores exigem acolhimento de banc\u00e1rios adoecidos"},"content":{"rendered":"<p>O Coletivo Nacional de Sa\u00fade da Confedera\u00e7\u00e3o Nacional dos Trabalhadores do Ramo Financeiro (Contraf-CUT) se reuniu nesta segunda-feira (13) com a Comiss\u00e3o de Negocia\u00e7\u00f5es da Federa\u00e7\u00e3o Nacional dos Bancos (CN Fenaban), para exigir tratamento humanizado para banc\u00e1rios e banc\u00e1rias adoecidos e que buscam tratamento e afastamento pelo INSS.<\/p>\n<p>\u201cPedimos que os bancos acolham esses banc\u00e1rios, levando em considera\u00e7\u00e3o o esp\u00edrito das cl\u00e1usulas acordadas na Conven\u00e7\u00e3o Coletiva de Trabalho (CCT), ou seja, que n\u00e3o haja perda salarial e nem endividamento desses trabalhadores, por motivos de sa\u00fade\u201d, explicou o secret\u00e1rio de Sa\u00fade da Contraf-CUT, Mauro Salles. \u201cCobramos, especialmente, que as antecipa\u00e7\u00f5es e complementa\u00e7\u00f5es efetuadas pelos bancos, conforme cl\u00e1usulas de nossa conven\u00e7\u00e3o, ocorram somente ap\u00f3s o trabalhador receber do INSS o benef\u00edcio\u201d, completou.<\/p>\n<p>O Coletivo destacou que h\u00e1 registros de trabalhadores que sofreram descontos significativos na folha de pagamento, mesmo tendo recorrido junto ao INSS e tido o benef\u00edcio garantido judicialmente.<\/p>\n<p>\u201cTemos casos de banc\u00e1rios que ficaram sem recurso nenhum, porque descontos foram realizados de uma \u00fanica vez, num determinado m\u00eas. Isso resultou na falta de dinheiro para rem\u00e9dios e para sua pr\u00f3pria subsist\u00eancia, agravando o problema de sa\u00fade por conta de todo o transtorno financeiro\u201d, pontuou Mauro Sales.<\/p>\n<h3>Canal de acolhimento e combate ao ass\u00e9dio<\/h3>\n<p>Os representantes das trabalhadoras e dos trabalhadores do ramo financeiro solicitaram ainda a cria\u00e7\u00e3o, pelos bancos, de canal de acolhimento, para atendimento espec\u00edfico sobre o tema de banc\u00e1rios adoecidos.<\/p>\n<p>Outro tema levado \u00e0 mesa pelo Coletivo foi a prote\u00e7\u00e3o de trabalhadores que denunciam ass\u00e9dio no trabalho. \u201cQuestionamos os encaminhamentos adotados por bancos, em v\u00e1rias situa\u00e7\u00f5es, em que denunciantes v\u00edtimas de ass\u00e9dio foram expostos por terem denunciado\u201d, explicou Mauro Salles.<\/p>\n<h3>Resposta dos bancos<\/h3>\n<p>Os representantes dos bancos responderam que as demandas do Coletivo ser\u00e3o debatidas entre as empresas, alegando que h\u00e1 casos em que n\u00e3o receberam as informa\u00e7\u00f5es da situa\u00e7\u00e3o dos trabalhadores adoecidos e afastados pelo INSS dos \u00f3rg\u00e3os previdenci\u00e1rios competentes.<\/p>\n<p>As demandas sobre a cria\u00e7\u00e3o do canal de acolhimento e combate ao ass\u00e9dio tamb\u00e9m ser\u00e3o analisadas e uma devolutiva dever\u00e1 ser entregue em pr\u00f3xima reuni\u00e3o bipartite, prevista para ocorrer na pr\u00f3xima semana, mas ainda sem data definida.<\/p>\n<p><strong>Fonte: Contraf-CUT<\/strong><\/p>\n","protected":false},"excerpt":{"rendered":"<p>O Coletivo Nacional de Sa\u00fade da Confedera\u00e7\u00e3o Nacional dos Trabalhadores do Ramo Financeiro (Contraf-CUT) se reuniu nesta segunda-feira (13) com a Comiss\u00e3o de Negocia\u00e7\u00f5es da Federa\u00e7\u00e3o Nacional dos Bancos (CN Fenaban), para exigir tratamento humanizado para banc\u00e1rios e banc\u00e1rias adoecidos e que buscam tratamento e afastamento pelo INSS. \u201cPedimos que os bancos acolham esses banc\u00e1rios, [&hellip;]<\/p>\n","protected":false},"author":2,"featured_media":14740,"comment_status":"","ping_status":"","sticky":false,"template":"","format":"standard","meta":{"footnotes":""},"categories":[3],"tags":[],"class_list":["post-14741","post","type-post","status-publish","format-standard","has-post-thumbnail","hentry","category-noticias"],"_links":{"self":[{"href":"https:\/\/hostnetart.com.br\/baixada\/wp-json\/wp\/v2\/posts\/14741","targetHints":{"allow":["GET"]}}],"collection":[{"href":"https:\/\/hostnetart.com.br\/baixada\/wp-json\/wp\/v2\/posts"}],"about":[{"href":"https:\/\/hostnetart.com.br\/baixada\/wp-json\/wp\/v2\/types\/post"}],"author":[{"embeddable":true,"href":"https:\/\/hostnetart.com.br\/baixada\/wp-json\/wp\/v2\/users\/2"}],"replies":[{"embeddable":true,"href":"https:\/\/hostnetart.com.br\/baixada\/wp-json\/wp\/v2\/comments?post=14741"}],"version-history":[{"count":0,"href":"https:\/\/hostnetart.com.br\/baixada\/wp-json\/wp\/v2\/posts\/14741\/revisions"}],"wp:featuredmedia":[{"embeddable":true,"href":"https:\/\/hostnetart.com.br\/baixada\/wp-json\/wp\/v2\/media\/14740"}],"wp:attachment":[{"href":"https:\/\/hostnetart.com.br\/baixada\/wp-json\/wp\/v2\/media?parent=14741"}],"wp:term":[{"taxonomy":"category","embeddable":true,"href":"https:\/\/hostnetart.com.br\/baixada\/wp-json\/wp\/v2\/categories?post=14741"},{"taxonomy":"post_tag","embeddable":true,"href":"https:\/\/hostnetart.com.br\/baixada\/wp-json\/wp\/v2\/tags?post=14741"}],"curies":[{"name":"wp","href":"https:\/\/api.w.org\/{rel}","templated":true}]}}